{"id":7805,"date":"2021-03-29T11:01:52","date_gmt":"2021-03-29T11:01:52","guid":{"rendered":"https:\/\/www.aeim.org\/?p=7805"},"modified":"2024-08-12T10:22:38","modified_gmt":"2024-08-12T10:22:38","slug":"circular-42021-viga-laminada-comentarios-de-la-junta-directiva-del-26-febrero-2021","status":"publish","type":"post","link":"https:\/\/www.aeim.org\/index.php\/2021\/03\/29\/circular-42021-viga-laminada-comentarios-de-la-junta-directiva-del-26-febrero-2021\/","title":{"rendered":"Circular 5\/2021. Viga laminada. Comentarios jornada 17 de marzo, 2021."},"content":{"rendered":"<p style=\"text-align: justify;\"><strong>VIGA LAMINADA\u00a0<\/strong><br \/>\n* Las f\u00e1bricas tienen muchos problemas para encontrar lama para fabricar vigas en determinados anchos, principalmente en base a 80 y 100.<br \/>\n* Los aserraderos tienen problemas de suministro de tronco debido a las inclemencias climatol\u00f3gicas de los \u00faltimos meses.<br \/>\n* La situaci\u00f3n de materia prima es tan cr\u00edtica que se est\u00e1n viendo obligados a recortar los turnos de producci\u00f3n.<br \/>\n* Hay f\u00e1bricas que est\u00e1n cancelando contratos ante la falta de materia prima.<br \/>\n* Subidas de precios muy fuertes.<br \/>\n* Suministro complicad\u00edsimo para el segundo trimestre.<br \/>\n* Previsi\u00f3n de subidas de precios para el segundo y tercer trimestre.<br \/>\n* Cabe esperar una estabilizaci\u00f3n de las producciones y de los precios para el cuarto trimestre.<\/p>\n<p style=\"text-align: justify;\">Los precios se actualizar\u00e1n en la pr\u00f3xima Circular informativa.<\/p>\n","protected":false},"excerpt":{"rendered":"<p>VIGA LAMINADA\u00a0 * Las f\u00e1bricas tienen muchos problemas para encontrar  [&#8230;]<\/p>\n","protected":false},"author":3,"featured_media":0,"comment_status":"open","ping_status":"closed","sticky":false,"template":"","format":"standard","meta":{"footnotes":""},"categories":[222,224],"tags":[],"class_list":["post-7805","post","type-post","status-publish","format-standard","hentry","category-informacion-consultoria","category-asociados"],"_links":{"self":[{"href":"https:\/\/www.aeim.org\/index.php\/wp-json\/wp\/v2\/posts\/7805","targetHints":{"allow":["GET"]}}],"collection":[{"href":"https:\/\/www.aeim.org\/index.php\/wp-json\/wp\/v2\/posts"}],"about":[{"href":"https:\/\/www.aeim.org\/index.php\/wp-json\/wp\/v2\/types\/post"}],"author":[{"embeddable":true,"href":"https:\/\/www.aeim.org\/index.php\/wp-json\/wp\/v2\/users\/3"}],"replies":[{"embeddable":true,"href":"https:\/\/www.aeim.org\/index.php\/wp-json\/wp\/v2\/comments?post=7805"}],"version-history":[{"count":3,"href":"https:\/\/www.aeim.org\/index.php\/wp-json\/wp\/v2\/posts\/7805\/revisions"}],"predecessor-version":[{"id":7890,"href":"https:\/\/www.aeim.org\/index.php\/wp-json\/wp\/v2\/posts\/7805\/revisions\/7890"}],"wp:attachment":[{"href":"https:\/\/www.aeim.org\/index.php\/wp-json\/wp\/v2\/media?parent=7805"}],"wp:term":[{"taxonomy":"category","embeddable":true,"href":"https:\/\/www.aeim.org\/index.php\/wp-json\/wp\/v2\/categories?post=7805"},{"taxonomy":"post_tag","embeddable":true,"href":"https:\/\/www.aeim.org\/index.php\/wp-json\/wp\/v2\/tags?post=7805"}],"curies":[{"name":"wp","href":"https:\/\/api.w.org\/{rel}","templated":true}]}}