{"id":7429,"date":"2020-11-17T11:02:40","date_gmt":"2020-11-17T11:02:40","guid":{"rendered":"https:\/\/www.aeim.org\/?p=7429"},"modified":"2024-08-12T10:22:39","modified_gmt":"2024-08-12T10:22:39","slug":"enero-octubre-la-industria-espanola-de-la-madera-exporto-productos-para-la-construccion","status":"publish","type":"post","link":"https:\/\/www.aeim.org\/index.php\/2020\/11\/17\/enero-octubre-la-industria-espanola-de-la-madera-exporto-productos-para-la-construccion\/","title":{"rendered":"Durante el periodo Enero &#8211; Octubre, la industria espa\u00f1ola de la madera export\u00f3 productos para la construcci\u00f3n por valor de 557 millones y medio de Euros. Con una balanza comercial positiva de casi 196 M. (Fuente CEPCO)"},"content":{"rendered":"<p>Durante el periodo de Enero-Octubre de este a\u00f1o, la industria espa\u00f1ola de la madera export\u00f3 productos para la construcci\u00f3n\u00a0 por valor de 557.500 (mil Euros) con una balanza comercial positiva de casi 196 millones de Euros.<\/p>\n<p>Estas cifras ponen de manifiesto la competitividad de la industria de la madera en Espa\u00f1a y su vocaci\u00f3n exportadora.<\/p>\n<p><img decoding=\"async\" class=\"lazyload alignleft size-thumbnail wp-image-6180\" src=\"data:image\/svg+xml,%3Csvg%20xmlns%3D%27http%3A%2F%2Fwww.w3.org%2F2000%2Fsvg%27%20width%3D%27150%27%20height%3D%2780%27%20viewBox%3D%270%200%20150%2080%27%3E%3Crect%20width%3D%27150%27%20height%3D%2780%27%20fill-opacity%3D%220%22%2F%3E%3C%2Fsvg%3E\" data-orig-src=\"https:\/\/www.aeim.org\/wp-content\/uploads\/2019\/10\/cepco-peque\u00f1a-2-150x80.jpg\" alt=\"cepco peque\u00f1a\" width=\"150\" height=\"80\" \/>Acceso al\u00a0ultimo informe\u00a0de coyuntura econ\u00f3mica de\u00a0 Cepco\u00a0 \u00a0 \u00a0 \u00a0 \u00a0 \u00a0 \u00a0 \u00a0 \u00a0 \u00a0 \u00a0 \u00a0 \u00a0 \u00a0 \u00a0 \u00a0 \u00a0 \u00a0 \u00a0 \u00a0 \u00a0 \u00a0 \u00a0 \u00a0 \u00a0 \u00a0 \u00a0 \u00a0 \u00a0 (Confederaci\u00f3n Espa\u00f1ola\u00a0 de Asociacones de Fabricantes de Productos de construcci\u00f3n)<\/p>\n<p><a href=\"http:\/\/www.cepco.es\/Uploads\/docs\/Informe_Coyuntura_CEPCO_Octubre_2020.pdf\">CEPCO Informe coyuntura econ\u00f3mica. Octubre, 2020<\/a><\/p>\n<p>&nbsp;<\/p>\n","protected":false},"excerpt":{"rendered":"<p>Durante el periodo de Enero-Octubre de este a\u00f1o, la industria  [&#8230;]<\/p>\n","protected":false},"author":3,"featured_media":7428,"comment_status":"open","ping_status":"closed","sticky":false,"template":"","format":"standard","meta":{"footnotes":""},"categories":[1],"tags":[],"class_list":["post-7429","post","type-post","status-publish","format-standard","has-post-thumbnail","hentry","category-sin-categoria"],"_links":{"self":[{"href":"https:\/\/www.aeim.org\/index.php\/wp-json\/wp\/v2\/posts\/7429","targetHints":{"allow":["GET"]}}],"collection":[{"href":"https:\/\/www.aeim.org\/index.php\/wp-json\/wp\/v2\/posts"}],"about":[{"href":"https:\/\/www.aeim.org\/index.php\/wp-json\/wp\/v2\/types\/post"}],"author":[{"embeddable":true,"href":"https:\/\/www.aeim.org\/index.php\/wp-json\/wp\/v2\/users\/3"}],"replies":[{"embeddable":true,"href":"https:\/\/www.aeim.org\/index.php\/wp-json\/wp\/v2\/comments?post=7429"}],"version-history":[{"count":7,"href":"https:\/\/www.aeim.org\/index.php\/wp-json\/wp\/v2\/posts\/7429\/revisions"}],"predecessor-version":[{"id":7436,"href":"https:\/\/www.aeim.org\/index.php\/wp-json\/wp\/v2\/posts\/7429\/revisions\/7436"}],"wp:featuredmedia":[{"embeddable":true,"href":"https:\/\/www.aeim.org\/index.php\/wp-json\/wp\/v2\/media\/7428"}],"wp:attachment":[{"href":"https:\/\/www.aeim.org\/index.php\/wp-json\/wp\/v2\/media?parent=7429"}],"wp:term":[{"taxonomy":"category","embeddable":true,"href":"https:\/\/www.aeim.org\/index.php\/wp-json\/wp\/v2\/categories?post=7429"},{"taxonomy":"post_tag","embeddable":true,"href":"https:\/\/www.aeim.org\/index.php\/wp-json\/wp\/v2\/tags?post=7429"}],"curies":[{"name":"wp","href":"https:\/\/api.w.org\/{rel}","templated":true}]}}