{"id":7325,"date":"2020-09-24T11:38:57","date_gmt":"2020-09-24T11:38:57","guid":{"rendered":"https:\/\/www.aeim.org\/?p=7325"},"modified":"2024-08-12T10:22:39","modified_gmt":"2024-08-12T10:22:39","slug":"aeim-celebro-su-reunion-de-junta-directiva-on-line-el-pasado-18-de-septiembre","status":"publish","type":"post","link":"https:\/\/www.aeim.org\/index.php\/2020\/09\/24\/aeim-celebro-su-reunion-de-junta-directiva-on-line-el-pasado-18-de-septiembre\/","title":{"rendered":"Las ventas de madera y productos derivados durante el verano han compensado parcialmente la ca\u00edda que se produjo durante los meses de marzo a mayo. AEIM celebr\u00f3 su reuni\u00f3n de Junta directiva ON LINE el pasado 18 de septiembre. Nota de prensa."},"content":{"rendered":"<p><strong>NOTA DE PRENSA.\u00a0 23 se septiembre, 2020.<\/strong><\/p>\n<p><strong>AEIM celebr\u00f3 su reuni\u00f3n de Junta directiva ON LINE el pasado 18 de septiembre.<\/strong><\/p>\n<p><strong><em>Las ventas de madera y productos derivados durante el verano han compensado parcialmente la ca\u00edda que se produjo durante los meses de marzo a mayo.<\/em><\/strong><\/p>\n<p><em>No obstante, el \u00faltimo trimestre de a\u00f1o ser\u00e1 complicado, por la incertidumbre de la situaci\u00f3n sanitaria y la necesidad de vigilar la situaci\u00f3n de los pagos y la morosidad.<\/em><\/p>\n<p>La Asociaci\u00f3n Espa\u00f1ola del Comercio e Industria de la Madera (AEIM), celebr\u00f3 su reuni\u00f3n de Junta directiva ON LINE el pasado 18 de septiembre. De los comentarios sobre la situaci\u00f3n y perspectivas del mercado cabe destacar lo siguiente.<\/p>\n<p>Las ventas de madera y derivados durante los meses de verano han ido bastante bien y se ha recuperado gran parte de lo perdido durante los meses de marzo a mayo. De tal forma que, desde junio hasta septiembre las cifras han sido parecidas a las del a\u00f1o pasado.<\/p>\n<p><img decoding=\"async\" class=\"lazyload alignleft size-thumbnail wp-image-7323\" src=\"https:\/\/www.aeim.org\/wp-content\/uploads\/2020\/09\/otra-la-herrerri-150x150.jpg\" data-orig-src=\"https:\/\/www.aeim.org\/wp-content\/uploads\/2020\/09\/otra-la-herrerri-150x150.jpg\" alt=\"otra la herrerri\" width=\"150\" height=\"150\" srcset=\"data:image\/svg+xml,%3Csvg%20xmlns%3D%27http%3A%2F%2Fwww.w3.org%2F2000%2Fsvg%27%20width%3D%27150%27%20height%3D%27150%27%20viewBox%3D%270%200%20150%20150%27%3E%3Crect%20width%3D%27150%27%20height%3D%27150%27%20fill-opacity%3D%220%22%2F%3E%3C%2Fsvg%3E\" data-srcset=\"https:\/\/www.aeim.org\/wp-content\/uploads\/2020\/09\/otra-la-herrerri-66x66.jpg 66w, https:\/\/www.aeim.org\/wp-content\/uploads\/2020\/09\/otra-la-herrerri-150x150.jpg 150w\" data-sizes=\"auto\" data-orig-sizes=\"(max-width: 150px) 100vw, 150px\" \/>La recuperaci\u00f3n se ha producido en gran parte por dos factores: la acumulaci\u00f3n de demanda (pedidos) durante los meses de confinamiento, y en segundo lugar por un aumento del consumo y gasto de las familias en reformas y mobiliario de hogar.<\/p>\n<p>Adem\u00e1s, hay que tener en cuenta que la evoluci\u00f3n positiva en estos meses ha sido descontando clientes parados, especialmente los que trabajan para Ferias, que se han quedado fuera, as\u00ed como el sector de la decoraci\u00f3n de interiores en el \u201cContract\u201d que tambi\u00e9n est\u00e1 sufriendo un par\u00f3n.<\/p>\n<p>Sin embargo, as\u00ed como el turismo nacional ha sido positivo, especialmente en la zona norte, el turismo internacional pr\u00e1cticamente ha sido nulo y numerosos grandes hoteles siguen cerrados. Sino se recupera esta actividad y se prolonga la situaci\u00f3n, se retrasar\u00e1 la recuperaci\u00f3n.<\/p>\n<p>Distinguiendo por zonas, la zona centro se encuentra m\u00e1s perjudicada, mientras que la evoluci\u00f3n en las zonas norte y sur ha sido m\u00e1s positiva.<\/p>\n<p>En cuanto a los mercados de aprovisionamiento, especialmente en con\u00edferas, la actual tensi\u00f3n de precios al alza con la demanda que hay no parece que se pueda mantener.<\/p>\n<p><img decoding=\"async\" class=\"lazyload alignleft size-thumbnail wp-image-7321\" src=\"https:\/\/www.aeim.org\/wp-content\/uploads\/2020\/09\/Hotel-renovation-150x150.jpg\" data-orig-src=\"https:\/\/www.aeim.org\/wp-content\/uploads\/2020\/09\/Hotel-renovation-150x150.jpg\" alt=\"Hotel renovation\" width=\"150\" height=\"150\" srcset=\"data:image\/svg+xml,%3Csvg%20xmlns%3D%27http%3A%2F%2Fwww.w3.org%2F2000%2Fsvg%27%20width%3D%27150%27%20height%3D%27150%27%20viewBox%3D%270%200%20150%20150%27%3E%3Crect%20width%3D%27150%27%20height%3D%27150%27%20fill-opacity%3D%220%22%2F%3E%3C%2Fsvg%3E\" data-srcset=\"https:\/\/www.aeim.org\/wp-content\/uploads\/2020\/09\/Hotel-renovation-66x66.jpg 66w, https:\/\/www.aeim.org\/wp-content\/uploads\/2020\/09\/Hotel-renovation-150x150.jpg 150w\" data-sizes=\"auto\" data-orig-sizes=\"(max-width: 150px) 100vw, 150px\" \/>\u00a0Sin embargo, hay que ser muy prudentes de cara al \u00faltimo trimestre, por los niveles de actividad y desempleo que afecten al consumo dom\u00e9stico. As\u00ed, la construcci\u00f3n, la venta de viviendas y nuevas licencias van tambi\u00e9n a la baja.<\/p>\n<p>Si la vacuna funciona a primeros de a\u00f1o, puede tener un efecto positivo en el turismo y esto puede hacer crecer el sector \u201cContract\u201d y reformas. En cuanto a la situaci\u00f3n de pagos podr\u00eda empeorar a partir de octubre, ya que en algunas empresas terminan la carencia de 6 meses de los pr\u00e9stamos ICO; y sobre todo con gran incertidumbre a partir del primer y segundo trimestre de 2021 que ser\u00e1 cuando en la mayor\u00eda de empresas tendr\u00e1 que afrontar la devoluci\u00f3n de estos cr\u00e9ditos.<\/p>\n<p><img decoding=\"async\" class=\"lazyload alignleft size-thumbnail wp-image-7324\" src=\"https:\/\/www.aeim.org\/wp-content\/uploads\/2020\/09\/magic-box-apartment-interiors-spain-raul-sanchez_dezeen_2364_col_12-150x150.jpg\" data-orig-src=\"https:\/\/www.aeim.org\/wp-content\/uploads\/2020\/09\/magic-box-apartment-interiors-spain-raul-sanchez_dezeen_2364_col_12-150x150.jpg\" alt=\"magic-box-apartment-interiors-spain-raul-sanchez_dezeen_2364_col_12\" width=\"150\" height=\"150\" srcset=\"data:image\/svg+xml,%3Csvg%20xmlns%3D%27http%3A%2F%2Fwww.w3.org%2F2000%2Fsvg%27%20width%3D%27150%27%20height%3D%27150%27%20viewBox%3D%270%200%20150%20150%27%3E%3Crect%20width%3D%27150%27%20height%3D%27150%27%20fill-opacity%3D%220%22%2F%3E%3C%2Fsvg%3E\" data-srcset=\"https:\/\/www.aeim.org\/wp-content\/uploads\/2020\/09\/magic-box-apartment-interiors-spain-raul-sanchez_dezeen_2364_col_12-66x66.jpg 66w, https:\/\/www.aeim.org\/wp-content\/uploads\/2020\/09\/magic-box-apartment-interiors-spain-raul-sanchez_dezeen_2364_col_12-150x150.jpg 150w\" data-sizes=\"auto\" data-orig-sizes=\"(max-width: 150px) 100vw, 150px\" \/>Asimismo, se coment\u00f3 en la reuni\u00f3n el Plan de Rehabilitaci\u00f3n de Viviendas del Gobierno dotado con 2.000 millones de euros para los dos pr\u00f3ximos a\u00f1os, del que nuestro sector, muy vinculado a la construcci\u00f3n, puede beneficiarse. Tambi\u00e9n se destac\u00f3 la v\u00eda de incentivar directamente a los propietarios de viviendas vac\u00edas para que inviertan en rehabilitarlas y ponerlas en alquiler.<\/p>\n<p>&nbsp;<\/p>\n<p>Para m\u00e1s informaci\u00f3n:<\/p>\n<p>AEIM <a href=\"mailto:aeim@aeim.org\">aeim@aeim.org<\/a> \u00a0\u00a0\u00a0\u00a0\u00a0\u00a0\u00a0<a href=\"https:\/\/www.aeim.org\">www.aeim.org<\/a><\/p>\n","protected":false},"excerpt":{"rendered":"<p>NOTA DE PRENSA.\u00a0 23 se septiembre, 2020. AEIM celebr\u00f3 su  [&#8230;]<\/p>\n","protected":false},"author":3,"featured_media":7320,"comment_status":"open","ping_status":"closed","sticky":false,"template":"","format":"standard","meta":{"footnotes":""},"categories":[1],"tags":[],"class_list":["post-7325","post","type-post","status-publish","format-standard","has-post-thumbnail","hentry","category-sin-categoria"],"_links":{"self":[{"href":"https:\/\/www.aeim.org\/index.php\/wp-json\/wp\/v2\/posts\/7325","targetHints":{"allow":["GET"]}}],"collection":[{"href":"https:\/\/www.aeim.org\/index.php\/wp-json\/wp\/v2\/posts"}],"about":[{"href":"https:\/\/www.aeim.org\/index.php\/wp-json\/wp\/v2\/types\/post"}],"author":[{"embeddable":true,"href":"https:\/\/www.aeim.org\/index.php\/wp-json\/wp\/v2\/users\/3"}],"replies":[{"embeddable":true,"href":"https:\/\/www.aeim.org\/index.php\/wp-json\/wp\/v2\/comments?post=7325"}],"version-history":[{"count":3,"href":"https:\/\/www.aeim.org\/index.php\/wp-json\/wp\/v2\/posts\/7325\/revisions"}],"predecessor-version":[{"id":7328,"href":"https:\/\/www.aeim.org\/index.php\/wp-json\/wp\/v2\/posts\/7325\/revisions\/7328"}],"wp:featuredmedia":[{"embeddable":true,"href":"https:\/\/www.aeim.org\/index.php\/wp-json\/wp\/v2\/media\/7320"}],"wp:attachment":[{"href":"https:\/\/www.aeim.org\/index.php\/wp-json\/wp\/v2\/media?parent=7325"}],"wp:term":[{"taxonomy":"category","embeddable":true,"href":"https:\/\/www.aeim.org\/index.php\/wp-json\/wp\/v2\/categories?post=7325"},{"taxonomy":"post_tag","embeddable":true,"href":"https:\/\/www.aeim.org\/index.php\/wp-json\/wp\/v2\/tags?post=7325"}],"curies":[{"name":"wp","href":"https:\/\/api.w.org\/{rel}","templated":true}]}}