{"id":15635,"date":"2026-04-30T09:49:38","date_gmt":"2026-04-30T09:49:38","guid":{"rendered":"https:\/\/www.aeim.org\/?p=15635"},"modified":"2026-04-30T10:43:30","modified_gmt":"2026-04-30T10:43:30","slug":"webinar-formaldehido-aeim-y-aidimme","status":"publish","type":"post","link":"https:\/\/www.aeim.org\/index.php\/2026\/04\/30\/webinar-formaldehido-aeim-y-aidimme\/","title":{"rendered":"El webinar sobre formaldeh\u00eddo organizado por AEIM y AIDIMME suscit\u00f3 un gran inter\u00e9s."},"content":{"rendered":"<div>\n<h4>Se celebr\u00f3 el pasado 29 de abril con la participaci\u00f3n de 59 empresas asociadas.<\/h4>\n<p><strong>La Asociaci\u00f3n Espa\u00f1ola del Comercio e Industria de la Madera (AEIM), en colaboraci\u00f3n con AIDIMME<\/strong>, celebr\u00f3 el pasado 29 de abril un webinar t\u00e9cnico sobre los nuevos l\u00edmites a las emisiones de formaldeh\u00eddo, en el marco del Reglamento REACH, que cont\u00f3 con la participaci\u00f3n de 59 empresas asociadas.<\/p>\n<\/div>\n<div>\n<p>La sesi\u00f3n fue impartida por Juli\u00e1n Moratalla, Responsable de Calidad del Aire Interior de AIDIMME, y permiti\u00f3 analizar un cambio normativo de gran impacto para fabricantes, importadores, distribuidores y almacenistas. A continuaci\u00f3n ofrecemos un resumen de lo m\u00e1s destacado del webinar.<\/p>\n<h5><strong>Nuevo marco REACH: l\u00edmites y fundamento.<\/strong><\/h5>\n<p>El Reglamento (UE) 2023\/1464 modifica el Anexo XVII del Reglamento REACH (Registro, Evaluaci\u00f3n, Autorizaci\u00f3n y Restricci\u00f3n de Sustancias Qu\u00edmicas), introduciendo una nueva restricci\u00f3n espec\u00edfica (entrada 77) sobre el formaldeh\u00eddo y las sustancias que lo liberan. Tal y como se record\u00f3 durante el webinar, esta evoluci\u00f3n normativa est\u00e1 directamente vinculada a la clasificaci\u00f3n del formaldeh\u00eddo como sustancia carcin\u00f3gena, recogida en la normativa europea de clasificaci\u00f3n, etiquetado y envasado (Reglamento CLP), tras su reclasificaci\u00f3n previa por la Agencia Internacional para la Investigaci\u00f3n del C\u00e1ncer (IARC).<\/p>\n<p>Se trata de una norma de aplicaci\u00f3n directa en toda la Uni\u00f3n Europea, cuyo objetivo es limitar la exposici\u00f3n del p\u00fablico en interiores.<\/p>\n<p>El reglamento <strong>establece l\u00edmites estrictos de emisi\u00f3n<\/strong> en condiciones normalizadas de ensayo (aire interior):<\/p>\n<p><strong>0,062 mg\/m\u00b3 (\u2248 0,05 ppm) para tableros derivados de la madera, muebles y art\u00edculos de madera.<\/strong><\/p>\n<p><strong>0,080 mg\/m\u00b3 (\u2248 0,065 ppm) para otros art\u00edculos<\/strong><\/p>\n<p>Estos valores representan niveles muy exigentes y suponen una reducci\u00f3n significativa respecto a referencias anteriores como la clase E1. <strong>La aplicaci\u00f3n ser\u00e1 obligatoria a partir del 6 de agosto de 2026, sin que exista un r\u00e9gimen transitorio posterior para los stocks.<\/strong><\/p>\n<h5><strong>Alcance del reglamento y relaci\u00f3n con E1 y \u201cE0,5\u201d<\/strong><\/h5>\n<p>Una de las principales novedades es que<strong> la obligaci\u00f3n de cumplimiento se traslada al art\u00edculo final tal como se comercializa, y no \u00fanicamente a sus componentes<\/strong>. Esto implica que el producto final debe respetar los l\u00edmites establecidos, incluyendo las emisiones procedentes de sustancias liberadoras de formaldeh\u00eddo.<\/p>\n<p>Durante el webinar se aclar\u00f3 la relaci\u00f3n con las clasificaciones existentes. <strong>La clase E1 seguir\u00e1 utiliz\u00e1ndose como referencia t\u00e9cnica en normas armonizadas, pero no garantiza el cumplimiento del nuevo reglamento<\/strong>. Por su parte, <strong>la denominada \u201cE0,5\u201d no es una clase normativa oficial, sino una referencia de mercado que indica niveles de emisi\u00f3n m\u00e1s bajos, pr\u00f3ximos a los nuevos l\u00edmites.<\/strong><\/p>\n<div id=\"attachment_15642\" style=\"width: 610px\" class=\"wp-caption aligncenter\"><img decoding=\"async\" aria-describedby=\"caption-attachment-15642\" class=\"lazyload size-fusion-600 wp-image-15642\" src=\"https:\/\/www.aeim.org\/wp-content\/uploads\/2026\/04\/no-toxic1-1024x685-1-600x401.jpg\" data-orig-src=\"https:\/\/www.aeim.org\/wp-content\/uploads\/2026\/04\/no-toxic1-1024x685-1-600x401.jpg\" alt=\"\" width=\"600\" height=\"401\" srcset=\"data:image\/svg+xml,%3Csvg%20xmlns%3D%27http%3A%2F%2Fwww.w3.org%2F2000%2Fsvg%27%20width%3D%27600%27%20height%3D%27401%27%20viewBox%3D%270%200%20600%20401%27%3E%3Crect%20width%3D%27600%27%20height%3D%27401%27%20fill-opacity%3D%220%22%2F%3E%3C%2Fsvg%3E\" data-srcset=\"https:\/\/www.aeim.org\/wp-content\/uploads\/2026\/04\/no-toxic1-1024x685-1-150x100.jpg 150w, https:\/\/www.aeim.org\/wp-content\/uploads\/2026\/04\/no-toxic1-1024x685-1-200x134.jpg 200w, https:\/\/www.aeim.org\/wp-content\/uploads\/2026\/04\/no-toxic1-1024x685-1-300x201.jpg 300w, https:\/\/www.aeim.org\/wp-content\/uploads\/2026\/04\/no-toxic1-1024x685-1-400x268.jpg 400w, https:\/\/www.aeim.org\/wp-content\/uploads\/2026\/04\/no-toxic1-1024x685-1-500x334.jpg 500w, https:\/\/www.aeim.org\/wp-content\/uploads\/2026\/04\/no-toxic1-1024x685-1-600x401.jpg 600w, https:\/\/www.aeim.org\/wp-content\/uploads\/2026\/04\/no-toxic1-1024x685-1-768x514.jpg 768w, https:\/\/www.aeim.org\/wp-content\/uploads\/2026\/04\/no-toxic1-1024x685-1-800x535.jpg 800w, https:\/\/www.aeim.org\/wp-content\/uploads\/2026\/04\/no-toxic1-1024x685-1.jpg 1024w\" data-sizes=\"auto\" data-orig-sizes=\"(max-width: 600px) 100vw, 600px\" \/><p id=\"caption-attachment-15642\" class=\"wp-caption-text\">Determinaci\u00f3n de formaldehido en materiales. Foto: AIDIMME<\/p><\/div>\n<h5><strong>Productos incluidos y excluidos<\/strong><\/h5>\n<p>El reglamento afecta, en general, a cualquier art\u00edculo que pueda emitir formaldeh\u00eddo en interiores. Entre los <strong>productos incluidos destacan:<\/strong><\/p>\n<ul>\n<li>Tableros derivados de la madera<\/li>\n<li>Mobiliario<\/li>\n<li>Suelos y revestimientos<\/li>\n<li>Elementos decorativos<\/li>\n<li>Textiles del hogar (alfombras, cortinas, tapizados); espumas; productos de cuero; papeles decorativos; materiales aislantes; juguetes; as\u00ed como pinturas, barnices y adhesivos una vez incorporados al producto final.<\/li>\n<\/ul>\n<p><strong>Por el contrario, quedan excluidos del \u00e1mbito de aplicaci\u00f3n:<\/strong><\/p>\n<ul>\n<li>Productos destinados exclusivamente a uso exterior.<\/li>\n<li>Madera maciza sin adhesivos cuando las emisiones sean \u00fanicamente de origen natural.<\/li>\n<li>Art\u00edculos de uso industrial o profesional sin exposici\u00f3n al p\u00fablico.<\/li>\n<li>Materiales en contacto con alimentos.<\/li>\n<li>Productos sanitarios; ropa (textiles regulados por normativa espec\u00edfica).<\/li>\n<li>Art\u00edculos de segunda mano.<\/li>\n<\/ul>\n<h5><strong>Implicaciones pr\u00e1cticas para importadores, distribuidores y almacenistas<\/strong><\/h5>\n<p>El reglamento <strong>no establece un sistema \u00fanico de certificaci\u00f3n.<\/strong> No es obligatoria una certificaci\u00f3n externa, siendo habitual la <strong>utilizaci\u00f3n de una declaraci\u00f3n de conformidad apoyada en documentaci\u00f3n t\u00e9cnica.<\/strong><\/p>\n<p>Durante el turno de preguntas se subray\u00f3 que no existe contradicci\u00f3n entre documentaci\u00f3n y ensayos. Cuando se dispone de informaci\u00f3n fiable del proveedor, puede ser suficiente. Sin embargo, cuando existen dudas o el producto final introduce variaciones (mecanizados, ensamblajes o incorporaci\u00f3n de materiales), puede ser necesario realizar ensayos. El nivel de exigencia depender\u00e1 del riesgo asumido por cada empresa y de las exigencias del mercado.<\/p>\n<p>El reglamento refuerza de forma significativa el papel de los operadores comerciales. <strong>El importador es responsable legal del cumplimiento, incluso si el fabricante est\u00e1 fuera de la Uni\u00f3n Europea.<\/strong> En consecuencia, <strong>distribuidores y almacenistas deber\u00e1n exigir y conservar la correspondiente documentaci\u00f3n de conformidad REACH, reforzando la trazabilidad en toda la cadena de suministro.<\/strong><\/p>\n<p>Asimismo, se destac\u00f3 que el cumplimiento <strong>no depende \u00fanicamente de las materias primas.<\/strong> Factores como el proceso productivo, el dise\u00f1o del producto o los tratamientos aplicados pueden influir en las emisiones, por lo que en determinados casos ser\u00e1 necesario evaluar el producto final completo.<\/p>\n<h5><strong>Gesti\u00f3n de stocks<\/strong><\/h5>\n<p>Uno de los aspectos que mayor preocupaci\u00f3n genera es la gesti\u00f3n de stocks. A partir del 6 de agosto de 2026 no podr\u00e1n comercializarse productos que no cumplan los l\u00edmites establecidos, sin que exista una pr\u00f3rroga autom\u00e1tica ni mecanismos de regularizaci\u00f3n posteriores.<\/p>\n<p>Esto implica que el stock existente deber\u00e1 ser revisado con antelaci\u00f3n. En algunos casos, determinadas soluciones t\u00e9cnicas, como recubrimientos o acabados, pueden contribuir a reducir las emisiones, pero su eficacia deber\u00e1 ser verificada antes de su comercializaci\u00f3n.<\/p>\n<p><strong>Conclusi\u00f3n<\/strong><br \/>\nEl elevado n\u00famero de participantes y el inter\u00e9s suscitado reflejan la importancia de este nuevo marco regulatorio para el sector de la madera.<\/p>\n<p><strong>El Reglamento REACH introduce l\u00edmites m\u00e1s exigentes y un enfoque centrado en el producto final, lo que obligar\u00e1 a reforzar el control t\u00e9cnico, documental y de proveedores en toda la cadena de suministro.<\/strong><\/p>\n<p>Desde AEIM, en colaboraci\u00f3n con AIDIMME, se continuar\u00e1 ofreciendo apoyo a las empresas asociadas para facilitar su adaptaci\u00f3n a esta normativa, especialmente a distribuidores, importadores y almacenistas, que desempe\u00f1an un papel clave en su aplicaci\u00f3n pr\u00e1ctica.<\/p>\n<h5><strong>AEIM es la organizaci\u00f3n de referencia del sector de la madera en Espa\u00f1a, que agrupa a las principales empresas del comercio e industria de la madera. <\/strong><\/h5>\n<h5><strong>AIDIMME es el instituto tecnol\u00f3gico de referencia para la industria de la madera y el mueble en Espa\u00f1a, especializado en investigaci\u00f3n, desarrollo y servicios t\u00e9cnicos avanzados para el sector.<\/strong><\/h5>\n<\/div>\n<div><img decoding=\"async\" class=\"lazyload aligncenter size-full wp-image-14018\" src=\"https:\/\/www.aeim.org\/wp-content\/uploads\/2024\/11\/Pie-mail-nuevo_2-.-GRANDE.png\" data-orig-src=\"https:\/\/www.aeim.org\/wp-content\/uploads\/2024\/11\/Pie-mail-nuevo_2-.-GRANDE.png\" alt=\"\" width=\"1755\" height=\"924\" srcset=\"data:image\/svg+xml,%3Csvg%20xmlns%3D%27http%3A%2F%2Fwww.w3.org%2F2000%2Fsvg%27%20width%3D%271755%27%20height%3D%27924%27%20viewBox%3D%270%200%201755%20924%27%3E%3Crect%20width%3D%271755%27%20height%3D%27924%27%20fill-opacity%3D%220%22%2F%3E%3C%2Fsvg%3E\" data-srcset=\"https:\/\/www.aeim.org\/wp-content\/uploads\/2024\/11\/Pie-mail-nuevo_2-.-GRANDE-66x35.png 66w, https:\/\/www.aeim.org\/wp-content\/uploads\/2024\/11\/Pie-mail-nuevo_2-.-GRANDE-150x79.png 150w, https:\/\/www.aeim.org\/wp-content\/uploads\/2024\/11\/Pie-mail-nuevo_2-.-GRANDE-177x93.png 177w, https:\/\/www.aeim.org\/wp-content\/uploads\/2024\/11\/Pie-mail-nuevo_2-.-GRANDE-200x105.png 200w, https:\/\/www.aeim.org\/wp-content\/uploads\/2024\/11\/Pie-mail-nuevo_2-.-GRANDE-300x158.png 300w, https:\/\/www.aeim.org\/wp-content\/uploads\/2024\/11\/Pie-mail-nuevo_2-.-GRANDE-320x168.png 320w, https:\/\/www.aeim.org\/wp-content\/uploads\/2024\/11\/Pie-mail-nuevo_2-.-GRANDE-400x211.png 400w, https:\/\/www.aeim.org\/wp-content\/uploads\/2024\/11\/Pie-mail-nuevo_2-.-GRANDE-460x242.png 460w, https:\/\/www.aeim.org\/wp-content\/uploads\/2024\/11\/Pie-mail-nuevo_2-.-GRANDE-500x263.png 500w, https:\/\/www.aeim.org\/wp-content\/uploads\/2024\/11\/Pie-mail-nuevo_2-.-GRANDE-540x284.png 540w, https:\/\/www.aeim.org\/wp-content\/uploads\/2024\/11\/Pie-mail-nuevo_2-.-GRANDE-600x316.png 600w, https:\/\/www.aeim.org\/wp-content\/uploads\/2024\/11\/Pie-mail-nuevo_2-.-GRANDE-669x352.png 669w, https:\/\/www.aeim.org\/wp-content\/uploads\/2024\/11\/Pie-mail-nuevo_2-.-GRANDE-700x369.png 700w, https:\/\/www.aeim.org\/wp-content\/uploads\/2024\/11\/Pie-mail-nuevo_2-.-GRANDE-768x404.png 768w, https:\/\/www.aeim.org\/wp-content\/uploads\/2024\/11\/Pie-mail-nuevo_2-.-GRANDE-800x421.png 800w, https:\/\/www.aeim.org\/wp-content\/uploads\/2024\/11\/Pie-mail-nuevo_2-.-GRANDE-940x495.png 940w, https:\/\/www.aeim.org\/wp-content\/uploads\/2024\/11\/Pie-mail-nuevo_2-.-GRANDE-1024x539.png 1024w, https:\/\/www.aeim.org\/wp-content\/uploads\/2024\/11\/Pie-mail-nuevo_2-.-GRANDE-1200x632.png 1200w, https:\/\/www.aeim.org\/wp-content\/uploads\/2024\/11\/Pie-mail-nuevo_2-.-GRANDE-1536x809.png 1536w, https:\/\/www.aeim.org\/wp-content\/uploads\/2024\/11\/Pie-mail-nuevo_2-.-GRANDE.png 1755w\" data-sizes=\"auto\" data-orig-sizes=\"(max-width: 1755px) 100vw, 1755px\" \/><\/div>\n","protected":false},"excerpt":{"rendered":"<p>Se celebr\u00f3 el pasado 29 de abril con la participaci\u00f3n  [&#8230;]<\/p>\n","protected":false},"author":3,"featured_media":15639,"comment_status":"closed","ping_status":"closed","sticky":false,"template":"","format":"standard","meta":{"footnotes":""},"categories":[289],"tags":[39,346,347,186,233],"class_list":["post-15635","post","type-post","status-publish","format-standard","has-post-thumbnail","hentry","category-destacados","tag-aeim","tag-aidimme","tag-formaldehido","tag-maderas","tag-tableros"],"_links":{"self":[{"href":"https:\/\/www.aeim.org\/index.php\/wp-json\/wp\/v2\/posts\/15635","targetHints":{"allow":["GET"]}}],"collection":[{"href":"https:\/\/www.aeim.org\/index.php\/wp-json\/wp\/v2\/posts"}],"about":[{"href":"https:\/\/www.aeim.org\/index.php\/wp-json\/wp\/v2\/types\/post"}],"author":[{"embeddable":true,"href":"https:\/\/www.aeim.org\/index.php\/wp-json\/wp\/v2\/users\/3"}],"replies":[{"embeddable":true,"href":"https:\/\/www.aeim.org\/index.php\/wp-json\/wp\/v2\/comments?post=15635"}],"version-history":[{"count":8,"href":"https:\/\/www.aeim.org\/index.php\/wp-json\/wp\/v2\/posts\/15635\/revisions"}],"predecessor-version":[{"id":15645,"href":"https:\/\/www.aeim.org\/index.php\/wp-json\/wp\/v2\/posts\/15635\/revisions\/15645"}],"wp:featuredmedia":[{"embeddable":true,"href":"https:\/\/www.aeim.org\/index.php\/wp-json\/wp\/v2\/media\/15639"}],"wp:attachment":[{"href":"https:\/\/www.aeim.org\/index.php\/wp-json\/wp\/v2\/media?parent=15635"}],"wp:term":[{"taxonomy":"category","embeddable":true,"href":"https:\/\/www.aeim.org\/index.php\/wp-json\/wp\/v2\/categories?post=15635"},{"taxonomy":"post_tag","embeddable":true,"href":"https:\/\/www.aeim.org\/index.php\/wp-json\/wp\/v2\/tags?post=15635"}],"curies":[{"name":"wp","href":"https:\/\/api.w.org\/{rel}","templated":true}]}}