{"id":15482,"date":"2026-03-12T07:14:36","date_gmt":"2026-03-12T07:14:36","guid":{"rendered":"https:\/\/www.aeim.org\/?p=15482"},"modified":"2026-03-12T17:44:56","modified_gmt":"2026-03-12T17:44:56","slug":"perspectivas-favorables-aeim","status":"publish","type":"post","link":"https:\/\/www.aeim.org\/index.php\/2026\/03\/12\/perspectivas-favorables-aeim\/","title":{"rendered":"Perspectivas favorables para el sector de la madera, seg\u00fan el bar\u00f3metro presentado en la Asamblea General de AEIM."},"content":{"rendered":"<div class=\"fusion-fullwidth fullwidth-box fusion-builder-row-1 fusion-flex-container has-pattern-background has-mask-background nonhundred-percent-fullwidth non-hundred-percent-height-scrolling\" style=\"--awb-border-radius-top-left:0px;--awb-border-radius-top-right:0px;--awb-border-radius-bottom-right:0px;--awb-border-radius-bottom-left:0px;--awb-flex-wrap:wrap;\" ><div class=\"fusion-builder-row fusion-row fusion-flex-align-items-flex-start fusion-flex-content-wrap\" style=\"max-width:1331.2px;margin-left: calc(-4% \/ 2 );margin-right: calc(-4% \/ 2 );\"><div class=\"fusion-layout-column fusion_builder_column fusion-builder-column-0 fusion_builder_column_1_1 1_1 fusion-flex-column\" style=\"--awb-bg-size:cover;--awb-width-large:100%;--awb-margin-top-large:16px;--awb-spacing-right-large:1.92%;--awb-margin-bottom-large:16px;--awb-spacing-left-large:1.92%;--awb-width-medium:100%;--awb-order-medium:0;--awb-spacing-right-medium:1.92%;--awb-spacing-left-medium:1.92%;--awb-width-small:100%;--awb-order-small:0;--awb-spacing-right-small:1.92%;--awb-spacing-left-small:1.92%;\"><div class=\"fusion-column-wrapper fusion-column-has-shadow fusion-flex-justify-content-flex-start fusion-content-layout-column\"><div class=\"fusion-title title fusion-title-1 fusion-sep-none fusion-title-text fusion-title-size-three\" style=\"--awb-margin-top-small:10px;--awb-margin-right-small:0px;--awb-margin-bottom-small:10px;--awb-margin-left-small:0px;\"><h3 class=\"fusion-title-heading title-heading-left fusion-responsive-typography-calculated\" style=\"margin:0;--fontSize:28;line-height:1.24;\"><h4><em>La reuni\u00f3n anual tuvo lugar en Madrid el pasado 6 de marzo con r\u00e9cord de asistencia.<\/em><\/h4><\/h3><\/div><div class=\"fusion-text fusion-text-1\"><p>La Asociaci\u00f3n Espa\u00f1ola del Comercio e Industria de la Madera (<a href=\"https:\/\/www.aeim.org\/\">AEIM<\/a>) celebr\u00f3 el pasado 6 de marzo en Madrid su Asamblea General anual, con r\u00e9cord de participaci\u00f3n de empresas asociadas procedentes de pr\u00e1cticamente todas las comunidades aut\u00f3nomas.<\/p>\n<p>El encuentro confirm\u00f3 el buen momento de cohesi\u00f3n de la asociaci\u00f3n y permiti\u00f3 analizar la evoluci\u00f3n reciente del mercado y las perspectivas para este a\u00f1o.<\/p>\n<p>Durante la reuni\u00f3n se presentaron los resultados del bar\u00f3metro del sector de la madera y derivados, elaborado a partir de una encuesta realizada entre las empresas asociadas. Los datos apuntan a unas perspectivas moderadamente positivas para el a\u00f1o 2026, con expectativas de crecimiento en la actividad y una clara disposici\u00f3n de las empresas a seguir invirtiendo.<\/p>\n<h4>Perspectivas positivas para 2026<\/h4>\n<p>Seg\u00fan el bar\u00f3metro presentado en la Asamblea, <strong>la mayor\u00eda de las empresas del sector prev\u00e9 una evoluci\u00f3n favorable durante este a\u00f1o<\/strong>. En concreto, m\u00e1s de la mitad de las empresas encuestadas espera que las ventas aumenten en 2026, mientras que una parte significativa considera que el mercado se mantendr\u00e1 en niveles similares a los del a\u00f1o anterior.<\/p>\n<p>Estos datos reflejan una tendencia de estabilidad y crecimiento moderado tras un ejercicio 2025 caracterizado por un comportamiento relativamente equilibrado del mercado. Una parte importante de las empresas mantuvo sus niveles de ventas respecto al a\u00f1o anterior, mientras que otras registraron incrementos en su volumen de negocio.<\/p>\n<\/div><div class=\"fusion-text fusion-text-2\"><p><img decoding=\"async\" class=\"lazyload alignleft wp-image-15490 size-fusion-600\" style=\"padding: 20px;\" src=\"https:\/\/www.aeim.org\/wp-content\/uploads\/2026\/03\/VISTA-MESA-PRESIDENCIAL-600x450.jpg\" data-orig-src=\"https:\/\/www.aeim.org\/wp-content\/uploads\/2026\/03\/VISTA-MESA-PRESIDENCIAL-600x450.jpg\" alt=\"\" width=\"600\" height=\"450\" srcset=\"data:image\/svg+xml,%3Csvg%20xmlns%3D%27http%3A%2F%2Fwww.w3.org%2F2000%2Fsvg%27%20width%3D%27600%27%20height%3D%27450%27%20viewBox%3D%270%200%20600%20450%27%3E%3Crect%20width%3D%27600%27%20height%3D%27450%27%20fill-opacity%3D%220%22%2F%3E%3C%2Fsvg%3E\" data-srcset=\"https:\/\/www.aeim.org\/wp-content\/uploads\/2026\/03\/VISTA-MESA-PRESIDENCIAL-150x113.jpg 150w, https:\/\/www.aeim.org\/wp-content\/uploads\/2026\/03\/VISTA-MESA-PRESIDENCIAL-200x150.jpg 200w, https:\/\/www.aeim.org\/wp-content\/uploads\/2026\/03\/VISTA-MESA-PRESIDENCIAL-300x225.jpg 300w, https:\/\/www.aeim.org\/wp-content\/uploads\/2026\/03\/VISTA-MESA-PRESIDENCIAL-400x300.jpg 400w, https:\/\/www.aeim.org\/wp-content\/uploads\/2026\/03\/VISTA-MESA-PRESIDENCIAL-500x375.jpg 500w, https:\/\/www.aeim.org\/wp-content\/uploads\/2026\/03\/VISTA-MESA-PRESIDENCIAL-600x450.jpg 600w, https:\/\/www.aeim.org\/wp-content\/uploads\/2026\/03\/VISTA-MESA-PRESIDENCIAL-768x576.jpg 768w, https:\/\/www.aeim.org\/wp-content\/uploads\/2026\/03\/VISTA-MESA-PRESIDENCIAL-800x600.jpg 800w, https:\/\/www.aeim.org\/wp-content\/uploads\/2026\/03\/VISTA-MESA-PRESIDENCIAL-1024x768.jpg 1024w, https:\/\/www.aeim.org\/wp-content\/uploads\/2026\/03\/VISTA-MESA-PRESIDENCIAL-1200x900.jpg 1200w, https:\/\/www.aeim.org\/wp-content\/uploads\/2026\/03\/VISTA-MESA-PRESIDENCIAL-1536x1152.jpg 1536w, https:\/\/www.aeim.org\/wp-content\/uploads\/2026\/03\/VISTA-MESA-PRESIDENCIAL.jpg 1600w\" data-sizes=\"auto\" data-orig-sizes=\"(max-width: 600px) 100vw, 600px\" \/>El bar\u00f3metro revela adem\u00e1s una clara disposici\u00f3n de las empresas a continuar invirtiendo durante el a\u00f1o en curso. Muchas compa\u00f1\u00edas prev\u00e9n inversiones en maquinaria, ampliaci\u00f3n de instalaciones, digitalizaci\u00f3n de procesos y diversificaci\u00f3n de productos, lo que confirma la voluntad del sector de seguir avanzando en modernizaci\u00f3n, innovaci\u00f3n y competitividad.<\/p>\n<h4>Plan de actividades para 2026<\/h4>\n<p>Uno de los puntos centrales de la Asamblea fue la <strong>aprobaci\u00f3n del plan de actividades de AEIM para el a\u00f1o 2026<\/strong>, que establece las principales l\u00edneas de trabajo de la asociaci\u00f3n durante el presente ejercicio.<\/p>\n<p>Entre las prioridades figuran el refuerzo de la <strong>informaci\u00f3n y asesoramiento a las empresas asociadas<\/strong>, el seguimiento de los principales desarrollos normativos que afectan al sector en Espa\u00f1a y en la Uni\u00f3n Europea, as\u00ed como la promoci\u00f3n de las empresas asociadas y la ampliaci\u00f3n de la base empresarial de la asociaci\u00f3n.<\/p>\n<p>En este marco, AEIM continuar\u00e1 elaborando <strong>informes de mercado y bar\u00f3metros sectoriales<\/strong>, difundiendo informaci\u00f3n peri\u00f3dica a trav\u00e9s de sus circulares y atendiendo consultas de las empresas asociadas sobre cuestiones regulatorias, comerciales y t\u00e9cnicas.<\/p>\n<\/div><div class=\"fusion-text fusion-text-3\"><p><img decoding=\"async\" class=\"lazyload alignleft wp-image-15489 size-fusion-600\" style=\"padding: 20px;\" src=\"https:\/\/www.aeim.org\/wp-content\/uploads\/2026\/03\/Vista-participantes-desde-delante-600x353.jpg\" data-orig-src=\"https:\/\/www.aeim.org\/wp-content\/uploads\/2026\/03\/Vista-participantes-desde-delante-600x353.jpg\" alt=\"\" width=\"600\" height=\"353\" srcset=\"data:image\/svg+xml,%3Csvg%20xmlns%3D%27http%3A%2F%2Fwww.w3.org%2F2000%2Fsvg%27%20width%3D%27600%27%20height%3D%27353%27%20viewBox%3D%270%200%20600%20353%27%3E%3Crect%20width%3D%27600%27%20height%3D%27353%27%20fill-opacity%3D%220%22%2F%3E%3C%2Fsvg%3E\" data-srcset=\"https:\/\/www.aeim.org\/wp-content\/uploads\/2026\/03\/Vista-participantes-desde-delante-150x88.jpg 150w, https:\/\/www.aeim.org\/wp-content\/uploads\/2026\/03\/Vista-participantes-desde-delante-200x118.jpg 200w, https:\/\/www.aeim.org\/wp-content\/uploads\/2026\/03\/Vista-participantes-desde-delante-300x176.jpg 300w, https:\/\/www.aeim.org\/wp-content\/uploads\/2026\/03\/Vista-participantes-desde-delante-400x235.jpg 400w, https:\/\/www.aeim.org\/wp-content\/uploads\/2026\/03\/Vista-participantes-desde-delante-500x294.jpg 500w, https:\/\/www.aeim.org\/wp-content\/uploads\/2026\/03\/Vista-participantes-desde-delante-600x353.jpg 600w, https:\/\/www.aeim.org\/wp-content\/uploads\/2026\/03\/Vista-participantes-desde-delante-768x452.jpg 768w, https:\/\/www.aeim.org\/wp-content\/uploads\/2026\/03\/Vista-participantes-desde-delante-800x471.jpg 800w, https:\/\/www.aeim.org\/wp-content\/uploads\/2026\/03\/Vista-participantes-desde-delante-1024x602.jpg 1024w, https:\/\/www.aeim.org\/wp-content\/uploads\/2026\/03\/Vista-participantes-desde-delante-1200x706.jpg 1200w, https:\/\/www.aeim.org\/wp-content\/uploads\/2026\/03\/Vista-participantes-desde-delante-1536x903.jpg 1536w, https:\/\/www.aeim.org\/wp-content\/uploads\/2026\/03\/Vista-participantes-desde-delante.jpg 1600w\" data-sizes=\"auto\" data-orig-sizes=\"(max-width: 600px) 100vw, 600px\" \/>El plan de trabajo para 2026 incluye adem\u00e1s el seguimiento de diversos asuntos regulatorios de especial relevancia para el sector, entre ellos la evoluci\u00f3n de la normativa relacionada con <strong>CITES y la inclusi\u00f3n de nuevas especies de madera en el Ap\u00e9ndice II<\/strong>, las propuestas sobre <strong>nuevos l\u00edmites de exposici\u00f3n al formaldeh\u00eddo<\/strong>, as\u00ed como distintos <strong>procedimientos antidumping<\/strong> abiertos por la Uni\u00f3n Europea en relaci\u00f3n con determinados productos de madera.<\/p>\n<p>Asimismo, AEIM continuar\u00e1 informando a sus asociados sobre la aplicaci\u00f3n de las <strong>sanciones comerciales adoptadas por la Uni\u00f3n Europea frente a Rusia<\/strong>, que afectan al comercio internacional de productos de madera y requieren una especial vigilancia por parte de las empresas del sector.<\/p>\n<p>Por otra parte, se impulsar\u00e1n diversas iniciativas orientadas a favorecer las oportunidades de negocio para las empresas asociadas. Entre ellas destaca la preparaci\u00f3n de una <strong>exposici\u00f3n agrupada de empresas en la pr\u00f3xima feria FIMMA-Maderalia 2026<\/strong>, una iniciativa promovida por AEIM para reforzar la visibilidad del sector y facilitar contactos comerciales en uno de los principales encuentros internacionales de la industria de la madera.<\/p>\n<\/div><div class=\"fusion-text fusion-text-4\"><h4>CEOE y seguimiento normativo<\/h4>\n<p><img decoding=\"async\" class=\"lazyload alignleft wp-image-15488 size-fusion-600\" style=\"padding: 20px;\" src=\"https:\/\/www.aeim.org\/wp-content\/uploads\/2026\/03\/MESA-PRESIDENCIAL-600x561.jpg\" data-orig-src=\"https:\/\/www.aeim.org\/wp-content\/uploads\/2026\/03\/MESA-PRESIDENCIAL-600x561.jpg\" alt=\"\" width=\"600\" height=\"561\" srcset=\"data:image\/svg+xml,%3Csvg%20xmlns%3D%27http%3A%2F%2Fwww.w3.org%2F2000%2Fsvg%27%20width%3D%27600%27%20height%3D%27561%27%20viewBox%3D%270%200%20600%20561%27%3E%3Crect%20width%3D%27600%27%20height%3D%27561%27%20fill-opacity%3D%220%22%2F%3E%3C%2Fsvg%3E\" data-srcset=\"https:\/\/www.aeim.org\/wp-content\/uploads\/2026\/03\/MESA-PRESIDENCIAL-150x140.jpg 150w, https:\/\/www.aeim.org\/wp-content\/uploads\/2026\/03\/MESA-PRESIDENCIAL-200x187.jpg 200w, https:\/\/www.aeim.org\/wp-content\/uploads\/2026\/03\/MESA-PRESIDENCIAL-300x280.jpg 300w, https:\/\/www.aeim.org\/wp-content\/uploads\/2026\/03\/MESA-PRESIDENCIAL-400x374.jpg 400w, https:\/\/www.aeim.org\/wp-content\/uploads\/2026\/03\/MESA-PRESIDENCIAL-500x467.jpg 500w, https:\/\/www.aeim.org\/wp-content\/uploads\/2026\/03\/MESA-PRESIDENCIAL-600x561.jpg 600w, https:\/\/www.aeim.org\/wp-content\/uploads\/2026\/03\/MESA-PRESIDENCIAL-768x718.jpg 768w, https:\/\/www.aeim.org\/wp-content\/uploads\/2026\/03\/MESA-PRESIDENCIAL-800x748.jpg 800w, https:\/\/www.aeim.org\/wp-content\/uploads\/2026\/03\/MESA-PRESIDENCIAL-1024x957.jpg 1024w, https:\/\/www.aeim.org\/wp-content\/uploads\/2026\/03\/MESA-PRESIDENCIAL-1200x1121.jpg 1200w, https:\/\/www.aeim.org\/wp-content\/uploads\/2026\/03\/MESA-PRESIDENCIAL-1536x1435.jpg 1536w, https:\/\/www.aeim.org\/wp-content\/uploads\/2026\/03\/MESA-PRESIDENCIAL.jpg 1600w\" data-sizes=\"auto\" data-orig-sizes=\"(max-width: 600px) 100vw, 600px\" \/>La Asamblea puso tambi\u00e9n de relieve la intensa actividad de AEIM en materia de <strong>seguimiento normativo y representaci\u00f3n institucional<\/strong> a trav\u00e9s de su participaci\u00f3n en <strong>CEOE<\/strong>.<\/p>\n<p>Representantes de la asociaci\u00f3n participan de forma activa en diversas <strong>comisiones y grupos de trabajo<\/strong>, entre ellos la <strong>Comisi\u00f3n de Econom\u00eda Circular<\/strong>, la <strong>Comisi\u00f3n de Industria y Transici\u00f3n Ecol\u00f3gica<\/strong> y el <strong>Departamento de Industria, Energ\u00eda, Medio Ambiente y Clima (IEMAC)<\/strong>. Asimismo, AEIM forma parte de varios grupos de trabajo relacionados con <strong>cambio clim\u00e1tico, industria, medio ambiente y relaciones internacionales<\/strong>.<\/p>\n<p>Esta participaci\u00f3n permite a la asociaci\u00f3n realizar un seguimiento directo de las iniciativas legislativas que afectan al sector de la madera y trasladar a las administraciones p\u00fablicas las preocupaciones y propuestas de las empresas.<\/p>\n<p>A trav\u00e9s de este trabajo institucional, AEIM act\u00faa como <strong>interlocutor del sector ante las administraciones y organismos p\u00fablicos<\/strong>, contribuyendo a que la voz de las empresas de la madera est\u00e9 presente en los principales debates regulatorios que afectan a la industria.<\/p>\n<h4>Actividad internacional<\/h4>\n<p>Otro aspecto destacado durante la reuni\u00f3n fue la dimensi\u00f3n internacional de la actividad de la asociaci\u00f3n. AEIM forma parte de la <strong>European Timber Trade Federation (ETTF)<\/strong>, organizaci\u00f3n que agrupa a asociaciones del sector de distintos pa\u00edses europeos.<\/p>\n<p>Durante 2026 la asociaci\u00f3n participar\u00e1 en diversas reuniones internacionales y encuentros sectoriales de referencia. Entre ellos figuran la <strong>Asamblea General de la ETTF<\/strong>, que se celebrar\u00e1 en junio con ocasi\u00f3n de la feria <strong>Carrefour International du Bois en Nantes<\/strong>, as\u00ed como otros encuentros internacionales del sector forestal y de la industria de la madera.<\/p>\n<\/div><div class=\"fusion-text fusion-text-5\"><p><img decoding=\"async\" class=\"lazyload alignleft wp-image-15491 size-fusion-600\" style=\"padding: 20px;\" src=\"https:\/\/www.aeim.org\/wp-content\/uploads\/2026\/03\/VISTA-PARCIAL-DE-PARTICIPANTES-600x691.jpg\" data-orig-src=\"https:\/\/www.aeim.org\/wp-content\/uploads\/2026\/03\/VISTA-PARCIAL-DE-PARTICIPANTES-600x691.jpg\" alt=\"\" width=\"600\" height=\"691\" srcset=\"data:image\/svg+xml,%3Csvg%20xmlns%3D%27http%3A%2F%2Fwww.w3.org%2F2000%2Fsvg%27%20width%3D%27600%27%20height%3D%27691%27%20viewBox%3D%270%200%20600%20691%27%3E%3Crect%20width%3D%27600%27%20height%3D%27691%27%20fill-opacity%3D%220%22%2F%3E%3C%2Fsvg%3E\" data-srcset=\"https:\/\/www.aeim.org\/wp-content\/uploads\/2026\/03\/VISTA-PARCIAL-DE-PARTICIPANTES-150x173.jpg 150w, https:\/\/www.aeim.org\/wp-content\/uploads\/2026\/03\/VISTA-PARCIAL-DE-PARTICIPANTES-200x230.jpg 200w, https:\/\/www.aeim.org\/wp-content\/uploads\/2026\/03\/VISTA-PARCIAL-DE-PARTICIPANTES-260x300.jpg 260w, https:\/\/www.aeim.org\/wp-content\/uploads\/2026\/03\/VISTA-PARCIAL-DE-PARTICIPANTES-400x461.jpg 400w, https:\/\/www.aeim.org\/wp-content\/uploads\/2026\/03\/VISTA-PARCIAL-DE-PARTICIPANTES-434x500.jpg 434w, https:\/\/www.aeim.org\/wp-content\/uploads\/2026\/03\/VISTA-PARCIAL-DE-PARTICIPANTES-600x691.jpg 600w, https:\/\/www.aeim.org\/wp-content\/uploads\/2026\/03\/VISTA-PARCIAL-DE-PARTICIPANTES-768x885.jpg 768w, https:\/\/www.aeim.org\/wp-content\/uploads\/2026\/03\/VISTA-PARCIAL-DE-PARTICIPANTES-800x922.jpg 800w, https:\/\/www.aeim.org\/wp-content\/uploads\/2026\/03\/VISTA-PARCIAL-DE-PARTICIPANTES-889x1024.jpg 889w, https:\/\/www.aeim.org\/wp-content\/uploads\/2026\/03\/VISTA-PARCIAL-DE-PARTICIPANTES-1200x1382.jpg 1200w, https:\/\/www.aeim.org\/wp-content\/uploads\/2026\/03\/VISTA-PARCIAL-DE-PARTICIPANTES-1333x1536.jpg 1333w, https:\/\/www.aeim.org\/wp-content\/uploads\/2026\/03\/VISTA-PARCIAL-DE-PARTICIPANTES.jpg 1389w\" data-sizes=\"auto\" data-orig-sizes=\"(max-width: 600px) 100vw, 600px\" \/>Asimismo, representantes de AEIM asistir\u00e1n a la <strong>International Softwood Conference (ISC) 2026<\/strong>, que tendr\u00e1 lugar en Dubl\u00edn en el mes de octubre, y a otras reuniones internacionales en las que participan organizaciones empresariales europeas del sector.<\/p>\n<p>La asociaci\u00f3n seguir\u00e1 participando tambi\u00e9n en foros internacionales especializados, como la <strong>International Hardwood Conference<\/strong>, as\u00ed como en diferentes encuentros profesionales y ferias sectoriales en Europa.<\/p>\n<p>Esta actividad internacional permite a AEIM mantener un contacto directo con organizaciones hom\u00f3logas europeas, intercambiar informaci\u00f3n sobre mercados y tendencias regulatorias y reforzar la presencia del sector espa\u00f1ol en el \u00e1mbito europeo.<\/p>\n<h4>Interlocutor y referente<\/h4>\n<p>En este contexto, AEIM reafirm\u00f3 su compromiso de seguir actuando como <strong>interlocutor de referencia del sector ante las administraciones p\u00fablicas y las instituciones europeas<\/strong>, apoyando a las empresas en un proceso de transformaci\u00f3n que ofrece importantes oportunidades de crecimiento para los pr\u00f3ximos a\u00f1os.<\/p>\n<p>A trav\u00e9s de su actividad institucional, su participaci\u00f3n en organizaciones empresariales nacionales e internacionales y el seguimiento permanente de los asuntos regulatorios que afectan a la industria, la asociaci\u00f3n continuar\u00e1 trabajando para <strong>defender los intereses del sector de la madera y derivados<\/strong>, facilitando informaci\u00f3n, representaci\u00f3n y apoyo a las empresas en un entorno normativo y econ\u00f3mico cada vez m\u00e1s complejo.<\/p>\n<\/div><div class=\"fusion-text fusion-text-6\"><p><iframe title=\"YouTube video player\" src=\"https:\/\/www.youtube.com\/embed\/fQa7YrtniQs?si=4ratkOhaKRo7kk-9\" width=\"560\" height=\"315\" frameborder=\"0\" allowfullscreen=\"allowfullscreen\"><span data-mce-type=\"bookmark\" style=\"display: inline-block; width: 0px; overflow: hidden; line-height: 0;\" class=\"mce_SELRES_start\">\ufeff<\/span><\/iframe><\/p>\n<\/div><div class=\"fusion-image-element \" style=\"--awb-caption-title-font-family:var(--h2_typography-font-family);--awb-caption-title-font-weight:var(--h2_typography-font-weight);--awb-caption-title-font-style:var(--h2_typography-font-style);--awb-caption-title-size:var(--h2_typography-font-size);--awb-caption-title-transform:var(--h2_typography-text-transform);--awb-caption-title-line-height:var(--h2_typography-line-height);--awb-caption-title-letter-spacing:var(--h2_typography-letter-spacing);\"><span class=\" fusion-imageframe imageframe-none imageframe-1 hover-type-none\"><img decoding=\"async\" width=\"600\" height=\"316\" title=\"Pie mail nuevo_2-. GRANDE\" src=\"https:\/\/www.aeim.org\/wp-content\/uploads\/2024\/11\/Pie-mail-nuevo_2-.-GRANDE.png\" data-orig-src=\"https:\/\/www.aeim.org\/wp-content\/uploads\/2024\/11\/Pie-mail-nuevo_2-.-GRANDE-600x316.png\" alt class=\"lazyload img-responsive wp-image-14018\" srcset=\"data:image\/svg+xml,%3Csvg%20xmlns%3D%27http%3A%2F%2Fwww.w3.org%2F2000%2Fsvg%27%20width%3D%271755%27%20height%3D%27924%27%20viewBox%3D%270%200%201755%20924%27%3E%3Crect%20width%3D%271755%27%20height%3D%27924%27%20fill-opacity%3D%220%22%2F%3E%3C%2Fsvg%3E\" data-srcset=\"https:\/\/www.aeim.org\/wp-content\/uploads\/2024\/11\/Pie-mail-nuevo_2-.-GRANDE-200x105.png 200w, https:\/\/www.aeim.org\/wp-content\/uploads\/2024\/11\/Pie-mail-nuevo_2-.-GRANDE-400x211.png 400w, https:\/\/www.aeim.org\/wp-content\/uploads\/2024\/11\/Pie-mail-nuevo_2-.-GRANDE-600x316.png 600w, https:\/\/www.aeim.org\/wp-content\/uploads\/2024\/11\/Pie-mail-nuevo_2-.-GRANDE-800x421.png 800w, https:\/\/www.aeim.org\/wp-content\/uploads\/2024\/11\/Pie-mail-nuevo_2-.-GRANDE-1200x632.png 1200w, https:\/\/www.aeim.org\/wp-content\/uploads\/2024\/11\/Pie-mail-nuevo_2-.-GRANDE.png 1755w\" data-sizes=\"auto\" data-orig-sizes=\"(max-width: 640px) 100vw, 600px\" \/><\/span><\/div><div class=\"fusion-text fusion-text-7\"><h5>AEIM agradece la colaboraci\u00f3n de las siguientes empresas y organizaciones.<\/h5>\n<\/div><div class=\"fusion-image-element \" style=\"--awb-caption-title-font-family:var(--h2_typography-font-family);--awb-caption-title-font-weight:var(--h2_typography-font-weight);--awb-caption-title-font-style:var(--h2_typography-font-style);--awb-caption-title-size:var(--h2_typography-font-size);--awb-caption-title-transform:var(--h2_typography-text-transform);--awb-caption-title-line-height:var(--h2_typography-line-height);--awb-caption-title-letter-spacing:var(--h2_typography-letter-spacing);\"><span class=\" fusion-imageframe imageframe-none imageframe-2 hover-type-none\"><img decoding=\"async\" width=\"600\" height=\"175\" title=\"Sponsors Asamblea 2026. alargado. ACTUALIZADO. Buena resoluci\u00f3n.\" src=\"https:\/\/www.aeim.org\/wp-content\/uploads\/2026\/01\/Sponsors-Asamblea-2026.-alargado.-ACTUALIZADO.-Buena-resolucion-scaled.jpg\" data-orig-src=\"https:\/\/www.aeim.org\/wp-content\/uploads\/2026\/01\/Sponsors-Asamblea-2026.-alargado.-ACTUALIZADO.-Buena-resolucion-600x175.jpg\" alt class=\"lazyload img-responsive wp-image-15315\" srcset=\"data:image\/svg+xml,%3Csvg%20xmlns%3D%27http%3A%2F%2Fwww.w3.org%2F2000%2Fsvg%27%20width%3D%272560%27%20height%3D%27747%27%20viewBox%3D%270%200%202560%20747%27%3E%3Crect%20width%3D%272560%27%20height%3D%27747%27%20fill-opacity%3D%220%22%2F%3E%3C%2Fsvg%3E\" data-srcset=\"https:\/\/www.aeim.org\/wp-content\/uploads\/2026\/01\/Sponsors-Asamblea-2026.-alargado.-ACTUALIZADO.-Buena-resolucion-200x58.jpg 200w, https:\/\/www.aeim.org\/wp-content\/uploads\/2026\/01\/Sponsors-Asamblea-2026.-alargado.-ACTUALIZADO.-Buena-resolucion-400x117.jpg 400w, https:\/\/www.aeim.org\/wp-content\/uploads\/2026\/01\/Sponsors-Asamblea-2026.-alargado.-ACTUALIZADO.-Buena-resolucion-600x175.jpg 600w, https:\/\/www.aeim.org\/wp-content\/uploads\/2026\/01\/Sponsors-Asamblea-2026.-alargado.-ACTUALIZADO.-Buena-resolucion-800x233.jpg 800w, https:\/\/www.aeim.org\/wp-content\/uploads\/2026\/01\/Sponsors-Asamblea-2026.-alargado.-ACTUALIZADO.-Buena-resolucion-1200x350.jpg 1200w\" data-sizes=\"auto\" data-orig-sizes=\"(max-width: 640px) 100vw, 600px\" \/><\/span><\/div><\/div><\/div><\/div><\/div>\n","protected":false},"excerpt":{"rendered":"","protected":false},"author":3,"featured_media":15495,"comment_status":"closed","ping_status":"closed","sticky":false,"template":"","format":"standard","meta":{"footnotes":""},"categories":[289],"tags":[39,64,264,309,56,252,52,41,233],"class_list":["post-15482","post","type-post","status-publish","format-standard","has-post-thumbnail","hentry","category-destacados","tag-aeim","tag-asamblea-general","tag-cites","tag-derivados","tag-ettf","tag-eudr","tag-eutr","tag-madera","tag-tableros"],"_links":{"self":[{"href":"https:\/\/www.aeim.org\/index.php\/wp-json\/wp\/v2\/posts\/15482","targetHints":{"allow":["GET"]}}],"collection":[{"href":"https:\/\/www.aeim.org\/index.php\/wp-json\/wp\/v2\/posts"}],"about":[{"href":"https:\/\/www.aeim.org\/index.php\/wp-json\/wp\/v2\/types\/post"}],"author":[{"embeddable":true,"href":"https:\/\/www.aeim.org\/index.php\/wp-json\/wp\/v2\/users\/3"}],"replies":[{"embeddable":true,"href":"https:\/\/www.aeim.org\/index.php\/wp-json\/wp\/v2\/comments?post=15482"}],"version-history":[{"count":18,"href":"https:\/\/www.aeim.org\/index.php\/wp-json\/wp\/v2\/posts\/15482\/revisions"}],"predecessor-version":[{"id":15513,"href":"https:\/\/www.aeim.org\/index.php\/wp-json\/wp\/v2\/posts\/15482\/revisions\/15513"}],"wp:featuredmedia":[{"embeddable":true,"href":"https:\/\/www.aeim.org\/index.php\/wp-json\/wp\/v2\/media\/15495"}],"wp:attachment":[{"href":"https:\/\/www.aeim.org\/index.php\/wp-json\/wp\/v2\/media?parent=15482"}],"wp:term":[{"taxonomy":"category","embeddable":true,"href":"https:\/\/www.aeim.org\/index.php\/wp-json\/wp\/v2\/categories?post=15482"},{"taxonomy":"post_tag","embeddable":true,"href":"https:\/\/www.aeim.org\/index.php\/wp-json\/wp\/v2\/tags?post=15482"}],"curies":[{"name":"wp","href":"https:\/\/api.w.org\/{rel}","templated":true}]}}