{"id":15073,"date":"2025-11-02T15:30:40","date_gmt":"2025-11-02T15:30:40","guid":{"rendered":"https:\/\/www.aeim.org\/?p=15073"},"modified":"2025-11-19T14:04:44","modified_gmt":"2025-11-19T14:04:44","slug":"eudr-noviembre","status":"publish","type":"post","link":"https:\/\/www.aeim.org\/index.php\/2025\/11\/02\/eudr-noviembre\/","title":{"rendered":"EUDR. Nuevas formaciones sobre el Sistema de Informaci\u00f3n durante noviembre."},"content":{"rendered":"<p>La Comisi\u00f3n Europea ha habilitado nuevas fechas para sesiones de formaci\u00f3n virtual sobre el Sistema de Informaci\u00f3n del Reglamento (UE) 2023\/1115 relativo a la comercializaci\u00f3n de productos libres de deforestaci\u00f3n (EUDR).<\/p>\n<p>Estas sesiones, que\u00a0<strong>se desarrollar\u00e1n \u00edntegramente en ingl\u00e9s<\/strong>, est\u00e1n dirigidas principalmente a operadores, comerciantes, representantes autorizados y asociaciones representativas que deber\u00e1n utilizar el sistema para presentar las declaraciones de diligencia debida exigidas por el Reglamento.<\/p>\n<p>&#x1f4c5;\u00a0Fechas y hora:<\/p>\n<ul>\n<li><strong>4 de noviembre<\/strong>\u00a0de 2025, 14:00 CET<\/li>\n<li><strong>6 de noviembre<\/strong>\u00a0de 2025, 14:00 CET<\/li>\n<li><strong>11 de noviembre<\/strong>\u00a0de 2025, 14:00 CET<\/li>\n<li><strong>13 de noviembre<\/strong>\u00a0de 2025, 14:00 CET<\/li>\n<li><strong>18 de noviembre<\/strong>\u00a0de 2025, 14:00 CET<\/li>\n<li><strong>20 de noviembre<\/strong>\u00a0de 2025, 14:00 CET<\/li>\n<li><strong>27 de noviembre<\/strong>\u00a0de 2025, 14:00 CET<\/li>\n<\/ul>\n<p>&#x25b6;\u00a0Es necesario registrarse previamente para poder asistir; m\u00e1s informaci\u00f3n y acceso al registro en la p\u00e1gina oficial de la Comisi\u00f3n:<\/p>\n<p>&#x1f517;\u00a0<a href=\"https:\/\/green-forum.ec.europa.eu\/nature-and-biodiversity\/deforestation-regulation-implementation\/information-system-deforestation-regulation_en#training-and-user-manuals\" target=\"_blank\" rel=\"noopener\">The Information System of the Deforestation Regulation \u2013 European Commission<\/a><\/p>\n<p>En esa misma p\u00e1gina encontrar\u00e1n documentaci\u00f3n detallada sobre el Sistema de Informaci\u00f3n, incluida la Gu\u00eda de usuario, v\u00eddeos explicativos y otros recursos pr\u00e1cticos.<\/p>\n<p>&#x25b6;\u00a0Para informaci\u00f3n en espa\u00f1ol sobre el Sistema de Informaci\u00f3n pueden consultar tambi\u00e9n la web del MITECO:<\/p>\n<p>&#x1f517;\u00a0<a href=\"https:\/\/www.miteco.gob.es\/es\/biodiversidad\/temas\/politica-forestal\/madera-legal-productos-libres-defor\/eudr\/-como-cumplir-con-el-eudr-\/sistema-de-informacion.html\" target=\"_blank\" rel=\"noopener\">Sistema de informaci\u00f3n \u2013 EUDR (MITECO)<\/a><\/p>\n<p><img decoding=\"async\" class=\"lazyload alignnone size-full wp-image-14018\" src=\"https:\/\/www.aeim.org\/wp-content\/uploads\/2024\/11\/Pie-mail-nuevo_2-.-GRANDE.png\" data-orig-src=\"https:\/\/www.aeim.org\/wp-content\/uploads\/2024\/11\/Pie-mail-nuevo_2-.-GRANDE.png\" alt=\"\" width=\"1755\" height=\"924\" srcset=\"data:image\/svg+xml,%3Csvg%20xmlns%3D%27http%3A%2F%2Fwww.w3.org%2F2000%2Fsvg%27%20width%3D%271755%27%20height%3D%27924%27%20viewBox%3D%270%200%201755%20924%27%3E%3Crect%20width%3D%271755%27%20height%3D%27924%27%20fill-opacity%3D%220%22%2F%3E%3C%2Fsvg%3E\" data-srcset=\"https:\/\/www.aeim.org\/wp-content\/uploads\/2024\/11\/Pie-mail-nuevo_2-.-GRANDE-66x35.png 66w, https:\/\/www.aeim.org\/wp-content\/uploads\/2024\/11\/Pie-mail-nuevo_2-.-GRANDE-150x79.png 150w, https:\/\/www.aeim.org\/wp-content\/uploads\/2024\/11\/Pie-mail-nuevo_2-.-GRANDE-177x93.png 177w, https:\/\/www.aeim.org\/wp-content\/uploads\/2024\/11\/Pie-mail-nuevo_2-.-GRANDE-200x105.png 200w, https:\/\/www.aeim.org\/wp-content\/uploads\/2024\/11\/Pie-mail-nuevo_2-.-GRANDE-300x158.png 300w, https:\/\/www.aeim.org\/wp-content\/uploads\/2024\/11\/Pie-mail-nuevo_2-.-GRANDE-320x168.png 320w, https:\/\/www.aeim.org\/wp-content\/uploads\/2024\/11\/Pie-mail-nuevo_2-.-GRANDE-400x211.png 400w, https:\/\/www.aeim.org\/wp-content\/uploads\/2024\/11\/Pie-mail-nuevo_2-.-GRANDE-460x242.png 460w, https:\/\/www.aeim.org\/wp-content\/uploads\/2024\/11\/Pie-mail-nuevo_2-.-GRANDE-500x263.png 500w, https:\/\/www.aeim.org\/wp-content\/uploads\/2024\/11\/Pie-mail-nuevo_2-.-GRANDE-540x284.png 540w, https:\/\/www.aeim.org\/wp-content\/uploads\/2024\/11\/Pie-mail-nuevo_2-.-GRANDE-600x316.png 600w, https:\/\/www.aeim.org\/wp-content\/uploads\/2024\/11\/Pie-mail-nuevo_2-.-GRANDE-669x352.png 669w, https:\/\/www.aeim.org\/wp-content\/uploads\/2024\/11\/Pie-mail-nuevo_2-.-GRANDE-700x369.png 700w, https:\/\/www.aeim.org\/wp-content\/uploads\/2024\/11\/Pie-mail-nuevo_2-.-GRANDE-768x404.png 768w, https:\/\/www.aeim.org\/wp-content\/uploads\/2024\/11\/Pie-mail-nuevo_2-.-GRANDE-800x421.png 800w, https:\/\/www.aeim.org\/wp-content\/uploads\/2024\/11\/Pie-mail-nuevo_2-.-GRANDE-940x495.png 940w, https:\/\/www.aeim.org\/wp-content\/uploads\/2024\/11\/Pie-mail-nuevo_2-.-GRANDE-1024x539.png 1024w, https:\/\/www.aeim.org\/wp-content\/uploads\/2024\/11\/Pie-mail-nuevo_2-.-GRANDE-1200x632.png 1200w, https:\/\/www.aeim.org\/wp-content\/uploads\/2024\/11\/Pie-mail-nuevo_2-.-GRANDE-1536x809.png 1536w, https:\/\/www.aeim.org\/wp-content\/uploads\/2024\/11\/Pie-mail-nuevo_2-.-GRANDE.png 1755w\" data-sizes=\"auto\" data-orig-sizes=\"(max-width: 1755px) 100vw, 1755px\" \/><\/p>\n","protected":false},"excerpt":{"rendered":"<p>La Comisi\u00f3n Europea ha habilitado nuevas fechas para sesiones de  [&#8230;]<\/p>\n","protected":false},"author":3,"featured_media":13611,"comment_status":"closed","ping_status":"closed","sticky":false,"template":"","format":"standard","meta":{"footnotes":""},"categories":[3,1],"tags":[329],"class_list":["post-15073","post","type-post","status-publish","format-standard","has-post-thumbnail","hentry","category-noticias","category-sin-categoria","tag-ue-eudr-comision-europea-sistema-de-informacion"],"_links":{"self":[{"href":"https:\/\/www.aeim.org\/index.php\/wp-json\/wp\/v2\/posts\/15073","targetHints":{"allow":["GET"]}}],"collection":[{"href":"https:\/\/www.aeim.org\/index.php\/wp-json\/wp\/v2\/posts"}],"about":[{"href":"https:\/\/www.aeim.org\/index.php\/wp-json\/wp\/v2\/types\/post"}],"author":[{"embeddable":true,"href":"https:\/\/www.aeim.org\/index.php\/wp-json\/wp\/v2\/users\/3"}],"replies":[{"embeddable":true,"href":"https:\/\/www.aeim.org\/index.php\/wp-json\/wp\/v2\/comments?post=15073"}],"version-history":[{"count":1,"href":"https:\/\/www.aeim.org\/index.php\/wp-json\/wp\/v2\/posts\/15073\/revisions"}],"predecessor-version":[{"id":15074,"href":"https:\/\/www.aeim.org\/index.php\/wp-json\/wp\/v2\/posts\/15073\/revisions\/15074"}],"wp:featuredmedia":[{"embeddable":true,"href":"https:\/\/www.aeim.org\/index.php\/wp-json\/wp\/v2\/media\/13611"}],"wp:attachment":[{"href":"https:\/\/www.aeim.org\/index.php\/wp-json\/wp\/v2\/media?parent=15073"}],"wp:term":[{"taxonomy":"category","embeddable":true,"href":"https:\/\/www.aeim.org\/index.php\/wp-json\/wp\/v2\/categories?post=15073"},{"taxonomy":"post_tag","embeddable":true,"href":"https:\/\/www.aeim.org\/index.php\/wp-json\/wp\/v2\/tags?post=15073"}],"curies":[{"name":"wp","href":"https:\/\/api.w.org\/{rel}","templated":true}]}}