{"id":15031,"date":"2025-10-26T06:24:37","date_gmt":"2025-10-26T06:24:37","guid":{"rendered":"https:\/\/www.aeim.org\/?p=15031"},"modified":"2025-11-19T14:28:04","modified_gmt":"2025-11-19T14:28:04","slug":"coniferas-en-2026","status":"publish","type":"post","link":"https:\/\/www.aeim.org\/index.php\/2025\/10\/26\/coniferas-en-2026\/","title":{"rendered":"Perspectivas favorables para el consumo de madera de con\u00edferas en 2026."},"content":{"rendered":"<h4 style=\"text-align: left;\">AEIM particip\u00f3 en la &#8220;International Softwood Conference 2025&#8221;, celebrada en Oslo el 23 de octubre.<\/h4>\n<p>Una delegaci\u00f3n de la <strong>Asociaci\u00f3n Espa\u00f1ola del Comercio e Industria de la Madera<\/strong> (<a href=\"https:\/\/www.aeim.org\/\">AEIM<\/a>) particip\u00f3 en la <em>International Softwood Conference 2025<\/em>, celebrada en Oslo el 23 de octubre.<\/p>\n<p>La delegaci\u00f3n, en representaci\u00f3n del sector de la madera en Espa\u00f1a, estuvo conformada por <strong>Ram\u00f3n Gabarr\u00f3<\/strong>, presidente de la delegaci\u00f3n, (Gabarr\u00f3 Hermanos),\u00a0 <strong>Alfonso Armenteros y <\/strong>\u00a0<strong>Antonio Armenteros<\/strong> (Maderas Retafer); <strong>Carlos Fern\u00e1ndez<\/strong> (Maderas del Noroeste) y <strong>Alberto Romero<\/strong>, secretario general de AEIM.<\/p>\n<p>La Conferencia reuni\u00f3<strong> m\u00e1s de 260 delegados de 24 pa\u00edses productores y consumidores de madera de con\u00edferas<\/strong>. En las distintas sesiones se analizaron las tendencias del mercado internacional, destacando una <strong>previsi\u00f3n de recuperaci\u00f3n gradual del consumo en 2026<\/strong>, impulsada por la estabilizaci\u00f3n de precios y la mejora de la actividad constructora en Europa y Norteam\u00e9rica.<\/p>\n<p>Seg\u00fan los datos presentados en la conferencia, el <strong>consumo europeo de con\u00edferas aserradas<\/strong> alcanzar\u00e1 los <strong>68,6 millones de m\u00b3 en 2025<\/strong> y superar\u00e1 los <strong>69 millones en 2026<\/strong>, lo que supone un <strong>aumento del 2 %<\/strong> respecto al a\u00f1o anterior. A escala mundial (Europa y Norteam\u00e9rica), el consumo previsto asciende a <strong>168 millones de m\u00b3<\/strong>, confirmando la tendencia positiva.<\/p>\n<p>En el caso de <strong>Espa\u00f1a<\/strong>, las cifras presentadas por AEIM <strong>confirman un crecimiento sostenido.<\/strong> El <strong>consumo de con\u00edferas aserradas<\/strong> pasar\u00e1 de <strong>3,47 millones de m\u00b3 en 2025<\/strong> a <strong>3,54 millones en 2026<\/strong> (+2 %), mientras que las <strong>importaciones<\/strong> se incrementar\u00e1n de <strong>1.215.000 m\u00b3 a 1.249.000 m\u00b3 <\/strong>\u00a0(<strong>+2,8 %<\/strong>). La <strong>producci\u00f3n nacional<\/strong>\u00a0tambi\u00e9n mejorar\u00e1, alcanzando los <strong>2,45 millones de m\u00b3<\/strong> en 2026.<\/p>\n<div id=\"attachment_15037\" style=\"width: 810px\" class=\"wp-caption alignnone\"><img decoding=\"async\" aria-describedby=\"caption-attachment-15037\" class=\"lazyload size-fusion-800 wp-image-15037\" src=\"https:\/\/www.aeim.org\/wp-content\/uploads\/2025\/10\/Delegacion-AEIM-ajustada-800x496.jpg\" data-orig-src=\"https:\/\/www.aeim.org\/wp-content\/uploads\/2025\/10\/Delegacion-AEIM-ajustada-800x496.jpg\" alt=\"\" width=\"800\" height=\"496\" srcset=\"data:image\/svg+xml,%3Csvg%20xmlns%3D%27http%3A%2F%2Fwww.w3.org%2F2000%2Fsvg%27%20width%3D%27800%27%20height%3D%27496%27%20viewBox%3D%270%200%20800%20496%27%3E%3Crect%20width%3D%27800%27%20height%3D%27496%27%20fill-opacity%3D%220%22%2F%3E%3C%2Fsvg%3E\" data-srcset=\"https:\/\/www.aeim.org\/wp-content\/uploads\/2025\/10\/Delegacion-AEIM-ajustada-150x93.jpg 150w, https:\/\/www.aeim.org\/wp-content\/uploads\/2025\/10\/Delegacion-AEIM-ajustada-200x124.jpg 200w, https:\/\/www.aeim.org\/wp-content\/uploads\/2025\/10\/Delegacion-AEIM-ajustada-300x186.jpg 300w, https:\/\/www.aeim.org\/wp-content\/uploads\/2025\/10\/Delegacion-AEIM-ajustada-400x248.jpg 400w, https:\/\/www.aeim.org\/wp-content\/uploads\/2025\/10\/Delegacion-AEIM-ajustada-500x310.jpg 500w, https:\/\/www.aeim.org\/wp-content\/uploads\/2025\/10\/Delegacion-AEIM-ajustada-600x372.jpg 600w, https:\/\/www.aeim.org\/wp-content\/uploads\/2025\/10\/Delegacion-AEIM-ajustada-768x477.jpg 768w, https:\/\/www.aeim.org\/wp-content\/uploads\/2025\/10\/Delegacion-AEIM-ajustada-800x496.jpg 800w, https:\/\/www.aeim.org\/wp-content\/uploads\/2025\/10\/Delegacion-AEIM-ajustada-1024x636.jpg 1024w, https:\/\/www.aeim.org\/wp-content\/uploads\/2025\/10\/Delegacion-AEIM-ajustada-1200x745.jpg 1200w, https:\/\/www.aeim.org\/wp-content\/uploads\/2025\/10\/Delegacion-AEIM-ajustada-1536x953.jpg 1536w, https:\/\/www.aeim.org\/wp-content\/uploads\/2025\/10\/Delegacion-AEIM-ajustada.jpg 1824w\" data-sizes=\"auto\" data-orig-sizes=\"(max-width: 800px) 100vw, 800px\" \/><p id=\"caption-attachment-15037\" class=\"wp-caption-text\"><em>De izda. a dcha: Ram\u00f3n Gabarr\u00f3, Antonio Armenteros, Carlos Fern\u00e1ndez, Alfonso Armenteros y Alberto Romero.<\/em><\/p><\/div>\n<p data-start=\"2172\" data-end=\"2695\">Estas cifras se apoyan en la recuperaci\u00f3n del sector de la <strong data-start=\"2231\" data-end=\"2261\">construcci\u00f3n y la vivienda<\/strong>, que muestra un aumento previsto del <strong data-start=\"2299\" data-end=\"2347\">3,2 % en la actividad constructora para 2025<\/strong> y del <strong data-start=\"2354\" data-end=\"2371\">3,4 % en 2026<\/strong>, con cerca de <strong data-start=\"2386\" data-end=\"2429\">120.000 viviendas terminadas anualmente<\/strong> y <strong data-start=\"2432\" data-end=\"2453\">133.000 iniciadas<\/strong>, seg\u00fan datos de <strong data-start=\"2470\" data-end=\"2499\">INE, CEOE y Euroconstruct<\/strong>.<\/p>\n<p data-start=\"117\" data-end=\"583\">En cuanto a los <strong>principales pa\u00edses proveedores de con\u00edferas aserradas a Espa\u00f1a<\/strong>, las previsiones para 2025 y 2026 apuntan a una evoluci\u00f3n estable con ligeros crecimientos. <strong data-start=\"288\" data-end=\"299\">Francia<\/strong> mantendr\u00e1 su producci\u00f3n en torno a<strong> 6,2 millones de m\u00b3<\/strong>. <strong data-start=\"418\" data-end=\"430\">Alemania<\/strong> alcanzar\u00e1 los <strong data-start=\"445\" data-end=\"469\">17,25 millones de m\u00b3<\/strong> en 2026.\u00a0<strong data-start=\"585\" data-end=\"595\">Suecia<\/strong> mantendr\u00e1 la producci\u00f3n sobre los <strong>17,8\u00a0millones de m\u00b3<\/strong>, mientras que <strong data-start=\"729\" data-end=\"742\">Finlandia<\/strong> registrar\u00e1 un incremento cercano al <strong data-start=\"779\" data-end=\"786\">5 %<\/strong>, hasta los<strong> 11,7 millones de m\u00b3<\/strong>, favorecida por la reactivaci\u00f3n industrial y el aumento de la demanda exterior.<\/p>\n<p data-start=\"3256\" data-end=\"3434\"><img decoding=\"async\" class=\"lazyload size-fusion-800 wp-image-15027\" src=\"https:\/\/www.aeim.org\/wp-content\/uploads\/2025\/10\/Vista-parcial-asistentes-800x600.jpg\" data-orig-src=\"https:\/\/www.aeim.org\/wp-content\/uploads\/2025\/10\/Vista-parcial-asistentes-800x600.jpg\" alt=\"\" width=\"800\" height=\"600\" srcset=\"data:image\/svg+xml,%3Csvg%20xmlns%3D%27http%3A%2F%2Fwww.w3.org%2F2000%2Fsvg%27%20width%3D%27800%27%20height%3D%27600%27%20viewBox%3D%270%200%20800%20600%27%3E%3Crect%20width%3D%27800%27%20height%3D%27600%27%20fill-opacity%3D%220%22%2F%3E%3C%2Fsvg%3E\" data-srcset=\"https:\/\/www.aeim.org\/wp-content\/uploads\/2025\/10\/Vista-parcial-asistentes-150x113.jpg 150w, https:\/\/www.aeim.org\/wp-content\/uploads\/2025\/10\/Vista-parcial-asistentes-200x150.jpg 200w, https:\/\/www.aeim.org\/wp-content\/uploads\/2025\/10\/Vista-parcial-asistentes-300x225.jpg 300w, https:\/\/www.aeim.org\/wp-content\/uploads\/2025\/10\/Vista-parcial-asistentes-400x300.jpg 400w, https:\/\/www.aeim.org\/wp-content\/uploads\/2025\/10\/Vista-parcial-asistentes-500x375.jpg 500w, https:\/\/www.aeim.org\/wp-content\/uploads\/2025\/10\/Vista-parcial-asistentes-600x450.jpg 600w, https:\/\/www.aeim.org\/wp-content\/uploads\/2025\/10\/Vista-parcial-asistentes-768x576.jpg 768w, https:\/\/www.aeim.org\/wp-content\/uploads\/2025\/10\/Vista-parcial-asistentes-800x600.jpg 800w, https:\/\/www.aeim.org\/wp-content\/uploads\/2025\/10\/Vista-parcial-asistentes-1024x768.jpg 1024w, https:\/\/www.aeim.org\/wp-content\/uploads\/2025\/10\/Vista-parcial-asistentes-1200x900.jpg 1200w, https:\/\/www.aeim.org\/wp-content\/uploads\/2025\/10\/Vista-parcial-asistentes-1536x1152.jpg 1536w\" data-sizes=\"auto\" data-orig-sizes=\"(max-width: 800px) 100vw, 800px\" \/><\/p>\n<p><em>Vista parcial de los asistentes a la ISC 2025.<\/em><\/p>\n<p data-start=\"3436\" data-end=\"3516\">El programa de la Conferencia se estructur\u00f3 en tres grandes bloques tem\u00e1ticos:<\/p>\n<ol data-start=\"3517\" data-end=\"3887\">\n<li data-start=\"3517\" data-end=\"3603\">\n<p data-start=\"3520\" data-end=\"3603\"><strong data-start=\"3520\" data-end=\"3569\">Evoluci\u00f3n econ\u00f3mica y perspectivas de mercado<\/strong> en Europa, Norteam\u00e9rica y Asia.<\/p>\n<\/li>\n<li data-start=\"3604\" data-end=\"3708\">\n<p data-start=\"3607\" data-end=\"3708\"><strong data-start=\"3607\" data-end=\"3663\">Disponibilidad y previsi\u00f3n global de madera en rollo.<\/strong><\/p>\n<\/li>\n<li data-start=\"3709\" data-end=\"3887\">\n<p data-start=\"3712\" data-end=\"3887\"><strong data-start=\"3712\" data-end=\"3747\">Nuevas oportunidades de mercado<\/strong>, centradas en la pol\u00edtica de vivienda de la UE, la prefabricaci\u00f3n y construcci\u00f3n en madera, y los proyectos de reconstrucci\u00f3n de Ucrania.<\/p>\n<\/li>\n<\/ol>\n<p><img decoding=\"async\" class=\"lazyload size-fusion-800 wp-image-15030\" src=\"https:\/\/www.aeim.org\/wp-content\/uploads\/2025\/10\/Bandera-y-programa-2-800x600.jpg\" data-orig-src=\"https:\/\/www.aeim.org\/wp-content\/uploads\/2025\/10\/Bandera-y-programa-2-800x600.jpg\" alt=\"\" width=\"800\" height=\"600\" srcset=\"data:image\/svg+xml,%3Csvg%20xmlns%3D%27http%3A%2F%2Fwww.w3.org%2F2000%2Fsvg%27%20width%3D%27800%27%20height%3D%27600%27%20viewBox%3D%270%200%20800%20600%27%3E%3Crect%20width%3D%27800%27%20height%3D%27600%27%20fill-opacity%3D%220%22%2F%3E%3C%2Fsvg%3E\" data-srcset=\"https:\/\/www.aeim.org\/wp-content\/uploads\/2025\/10\/Bandera-y-programa-2-150x113.jpg 150w, https:\/\/www.aeim.org\/wp-content\/uploads\/2025\/10\/Bandera-y-programa-2-200x150.jpg 200w, https:\/\/www.aeim.org\/wp-content\/uploads\/2025\/10\/Bandera-y-programa-2-300x225.jpg 300w, https:\/\/www.aeim.org\/wp-content\/uploads\/2025\/10\/Bandera-y-programa-2-400x300.jpg 400w, https:\/\/www.aeim.org\/wp-content\/uploads\/2025\/10\/Bandera-y-programa-2-500x375.jpg 500w, https:\/\/www.aeim.org\/wp-content\/uploads\/2025\/10\/Bandera-y-programa-2-600x450.jpg 600w, https:\/\/www.aeim.org\/wp-content\/uploads\/2025\/10\/Bandera-y-programa-2-768x576.jpg 768w, https:\/\/www.aeim.org\/wp-content\/uploads\/2025\/10\/Bandera-y-programa-2-800x600.jpg 800w, https:\/\/www.aeim.org\/wp-content\/uploads\/2025\/10\/Bandera-y-programa-2-1024x768.jpg 1024w, https:\/\/www.aeim.org\/wp-content\/uploads\/2025\/10\/Bandera-y-programa-2-1200x900.jpg 1200w, https:\/\/www.aeim.org\/wp-content\/uploads\/2025\/10\/Bandera-y-programa-2-1536x1152.jpg 1536w\" data-sizes=\"auto\" data-orig-sizes=\"(max-width: 800px) 100vw, 800px\" \/><\/p>\n<p data-start=\"3889\" data-end=\"4384\">En la sesi\u00f3n final se abord\u00f3 tambi\u00e9n la <strong data-start=\"3929\" data-end=\"4001\">implementaci\u00f3n del Reglamento Europeo contra la Deforestaci\u00f3n (EUDR)<\/strong>. Se coment\u00f3 la reciente <strong data-start=\"4026\" data-end=\"4080\">propuesta de simplificaci\u00f3n de la Comisi\u00f3n Europea<\/strong>, que incluye el <strong data-start=\"4097\" data-end=\"4183\">aplazamiento de un a\u00f1o (hasta diciembre de 2026) para las peque\u00f1as y microempresas<\/strong>, y la <strong data-start=\"4190\" data-end=\"4288\">obligatoriedad de presentar la declaraci\u00f3n de diligencia debida \u00fanicamente para los operadores<\/strong>, con el fin de reducir la carga administrativa y facilitar la transici\u00f3n digital del sistema.<\/p>\n<p data-start=\"4386\" data-end=\"4688\">Los participantes coincidieron en que, tras un periodo de ajuste, el mercado muestra <strong data-start=\"4471\" data-end=\"4507\">signos de equilibrio y confianza<\/strong>. El tono general de la ISC 2025 fue <strong data-start=\"4544\" data-end=\"4571\">moderadamente optimista.<\/strong><\/p>\n<p data-start=\"4690\" data-end=\"4814\">La 74 <em data-start=\"4715\" data-end=\"4750\">International Softwood Conference<\/em> se celebrar\u00e1 en <strong data-start=\"4767\" data-end=\"4813\">Dubl\u00edn los d\u00edas 28 y 29 de octubre de 2026<\/strong>.<\/p>\n<p data-start=\"4690\" data-end=\"4814\"><em>Imagen destacada: Delegaci\u00f3n de AEIM en la &#8220;International Softwood Conference&#8221; 2025<\/em><\/p>\n<p data-start=\"4690\" data-end=\"4814\"><img decoding=\"async\" class=\"lazyload alignnone size-fusion-1200 wp-image-14018\" src=\"https:\/\/www.aeim.org\/wp-content\/uploads\/2024\/11\/Pie-mail-nuevo_2-.-GRANDE-1200x632.png\" data-orig-src=\"https:\/\/www.aeim.org\/wp-content\/uploads\/2024\/11\/Pie-mail-nuevo_2-.-GRANDE-1200x632.png\" alt=\"\" width=\"1200\" height=\"632\" srcset=\"data:image\/svg+xml,%3Csvg%20xmlns%3D%27http%3A%2F%2Fwww.w3.org%2F2000%2Fsvg%27%20width%3D%271200%27%20height%3D%27632%27%20viewBox%3D%270%200%201200%20632%27%3E%3Crect%20width%3D%271200%27%20height%3D%27632%27%20fill-opacity%3D%220%22%2F%3E%3C%2Fsvg%3E\" data-srcset=\"https:\/\/www.aeim.org\/wp-content\/uploads\/2024\/11\/Pie-mail-nuevo_2-.-GRANDE-66x35.png 66w, https:\/\/www.aeim.org\/wp-content\/uploads\/2024\/11\/Pie-mail-nuevo_2-.-GRANDE-150x79.png 150w, https:\/\/www.aeim.org\/wp-content\/uploads\/2024\/11\/Pie-mail-nuevo_2-.-GRANDE-177x93.png 177w, https:\/\/www.aeim.org\/wp-content\/uploads\/2024\/11\/Pie-mail-nuevo_2-.-GRANDE-200x105.png 200w, https:\/\/www.aeim.org\/wp-content\/uploads\/2024\/11\/Pie-mail-nuevo_2-.-GRANDE-300x158.png 300w, https:\/\/www.aeim.org\/wp-content\/uploads\/2024\/11\/Pie-mail-nuevo_2-.-GRANDE-320x168.png 320w, https:\/\/www.aeim.org\/wp-content\/uploads\/2024\/11\/Pie-mail-nuevo_2-.-GRANDE-400x211.png 400w, https:\/\/www.aeim.org\/wp-content\/uploads\/2024\/11\/Pie-mail-nuevo_2-.-GRANDE-460x242.png 460w, https:\/\/www.aeim.org\/wp-content\/uploads\/2024\/11\/Pie-mail-nuevo_2-.-GRANDE-500x263.png 500w, https:\/\/www.aeim.org\/wp-content\/uploads\/2024\/11\/Pie-mail-nuevo_2-.-GRANDE-540x284.png 540w, https:\/\/www.aeim.org\/wp-content\/uploads\/2024\/11\/Pie-mail-nuevo_2-.-GRANDE-600x316.png 600w, https:\/\/www.aeim.org\/wp-content\/uploads\/2024\/11\/Pie-mail-nuevo_2-.-GRANDE-669x352.png 669w, https:\/\/www.aeim.org\/wp-content\/uploads\/2024\/11\/Pie-mail-nuevo_2-.-GRANDE-700x369.png 700w, https:\/\/www.aeim.org\/wp-content\/uploads\/2024\/11\/Pie-mail-nuevo_2-.-GRANDE-768x404.png 768w, https:\/\/www.aeim.org\/wp-content\/uploads\/2024\/11\/Pie-mail-nuevo_2-.-GRANDE-800x421.png 800w, https:\/\/www.aeim.org\/wp-content\/uploads\/2024\/11\/Pie-mail-nuevo_2-.-GRANDE-940x495.png 940w, https:\/\/www.aeim.org\/wp-content\/uploads\/2024\/11\/Pie-mail-nuevo_2-.-GRANDE-1024x539.png 1024w, https:\/\/www.aeim.org\/wp-content\/uploads\/2024\/11\/Pie-mail-nuevo_2-.-GRANDE-1200x632.png 1200w, https:\/\/www.aeim.org\/wp-content\/uploads\/2024\/11\/Pie-mail-nuevo_2-.-GRANDE-1536x809.png 1536w, https:\/\/www.aeim.org\/wp-content\/uploads\/2024\/11\/Pie-mail-nuevo_2-.-GRANDE.png 1755w\" data-sizes=\"auto\" data-orig-sizes=\"(max-width: 1200px) 100vw, 1200px\" \/><\/p>\n<p>&nbsp;<\/p>\n","protected":false},"excerpt":{"rendered":"<p>AEIM particip\u00f3 en la &#8220;International Softwood Conference 2025&#8221;, celebrada en  [&#8230;]<\/p>\n","protected":false},"author":3,"featured_media":15026,"comment_status":"closed","ping_status":"closed","sticky":false,"template":"","format":"standard","meta":{"footnotes":""},"categories":[3],"tags":[],"class_list":["post-15031","post","type-post","status-publish","format-standard","has-post-thumbnail","hentry","category-noticias"],"_links":{"self":[{"href":"https:\/\/www.aeim.org\/index.php\/wp-json\/wp\/v2\/posts\/15031","targetHints":{"allow":["GET"]}}],"collection":[{"href":"https:\/\/www.aeim.org\/index.php\/wp-json\/wp\/v2\/posts"}],"about":[{"href":"https:\/\/www.aeim.org\/index.php\/wp-json\/wp\/v2\/types\/post"}],"author":[{"embeddable":true,"href":"https:\/\/www.aeim.org\/index.php\/wp-json\/wp\/v2\/users\/3"}],"replies":[{"embeddable":true,"href":"https:\/\/www.aeim.org\/index.php\/wp-json\/wp\/v2\/comments?post=15031"}],"version-history":[{"count":20,"href":"https:\/\/www.aeim.org\/index.php\/wp-json\/wp\/v2\/posts\/15031\/revisions"}],"predecessor-version":[{"id":15093,"href":"https:\/\/www.aeim.org\/index.php\/wp-json\/wp\/v2\/posts\/15031\/revisions\/15093"}],"wp:featuredmedia":[{"embeddable":true,"href":"https:\/\/www.aeim.org\/index.php\/wp-json\/wp\/v2\/media\/15026"}],"wp:attachment":[{"href":"https:\/\/www.aeim.org\/index.php\/wp-json\/wp\/v2\/media?parent=15031"}],"wp:term":[{"taxonomy":"category","embeddable":true,"href":"https:\/\/www.aeim.org\/index.php\/wp-json\/wp\/v2\/categories?post=15031"},{"taxonomy":"post_tag","embeddable":true,"href":"https:\/\/www.aeim.org\/index.php\/wp-json\/wp\/v2\/tags?post=15031"}],"curies":[{"name":"wp","href":"https:\/\/api.w.org\/{rel}","templated":true}]}}