{"id":15014,"date":"2025-10-17T08:14:04","date_gmt":"2025-10-17T08:14:04","guid":{"rendered":"https:\/\/www.aeim.org\/?p=15014"},"modified":"2025-11-19T14:29:18","modified_gmt":"2025-11-19T14:29:18","slug":"aeim-isc-2025","status":"publish","type":"post","link":"https:\/\/www.aeim.org\/index.php\/2025\/10\/17\/aeim-isc-2025\/","title":{"rendered":"Una delegaci\u00f3n de AEIM participar\u00e1 en la 73 Conferencia Internacional de Madera de Con\u00edferas (ISC 2025)."},"content":{"rendered":"<h4><strong>Se celebrar\u00e1 en Oslo los d\u00edas 22 y 23 de octubre.<\/strong><strong> Es uno de los eventos m\u00e1s importantes a nivel mundial sobre madera de con\u00edferas.<\/strong><\/h4>\n<p><strong>AEIM estar\u00e1 presente\u00a0 en la 73 <\/strong>\u00a0<strong>Conferencia Internacional de Madera de Con\u00edferas (ISC 2025).\u00a0 <\/strong>Organizada conjuntamente por la &#8220;Organizaci\u00f3n Europea de la industria del aserrado&#8221; (EOS), en colaboraci\u00f3n con la Federaci\u00f3n Europea del Comercio de la Madera (ETTF), <strong>se espera que\u00a0 participen m\u00e1s de 300 delegados de 18 paises.<\/strong><\/p>\n<p>La Conferencia ofrecer\u00e1 una visi\u00f3n actualizada<strong> sobre el mercado internacional<\/strong>, incluyendo <strong>tendencias, datos y an\u00e1lisis<\/strong>. El <strong>programa de la ISC 2025<\/strong> abordar\u00e1 diversos aspectos relacionados con la <strong>competitividad de la madera<\/strong>, la <strong>disponibilidad de materias primas<\/strong> y <strong>ejemplos pr\u00e1cticos sobre c\u00f3mo afrontar la aplicaci\u00f3n del EUDR desde la perspectiva de los productores<\/strong>. Adem\u00e1s, se presentar\u00e1n <strong>iniciativas de empresas implicadas en la reconstrucci\u00f3n de Ucrania<\/strong>.<\/p>\n<div id=\"attachment_13892\" style=\"width: 810px\" class=\"wp-caption alignnone\"><img decoding=\"async\" aria-describedby=\"caption-attachment-13892\" class=\"lazyload size-fusion-800 wp-image-13892\" src=\"https:\/\/www.aeim.org\/wp-content\/uploads\/2024\/10\/ISC-2024.-Delegacion-AEIM-800x723.jpg\" data-orig-src=\"https:\/\/www.aeim.org\/wp-content\/uploads\/2024\/10\/ISC-2024.-Delegacion-AEIM-800x723.jpg\" alt=\"\" width=\"800\" height=\"723\" srcset=\"data:image\/svg+xml,%3Csvg%20xmlns%3D%27http%3A%2F%2Fwww.w3.org%2F2000%2Fsvg%27%20width%3D%27800%27%20height%3D%27723%27%20viewBox%3D%270%200%20800%20723%27%3E%3Crect%20width%3D%27800%27%20height%3D%27723%27%20fill-opacity%3D%220%22%2F%3E%3C%2Fsvg%3E\" data-srcset=\"https:\/\/www.aeim.org\/wp-content\/uploads\/2024\/10\/ISC-2024.-Delegacion-AEIM-66x60.jpg 66w, https:\/\/www.aeim.org\/wp-content\/uploads\/2024\/10\/ISC-2024.-Delegacion-AEIM-150x136.jpg 150w, https:\/\/www.aeim.org\/wp-content\/uploads\/2024\/10\/ISC-2024.-Delegacion-AEIM-177x160.jpg 177w, https:\/\/www.aeim.org\/wp-content\/uploads\/2024\/10\/ISC-2024.-Delegacion-AEIM-200x181.jpg 200w, https:\/\/www.aeim.org\/wp-content\/uploads\/2024\/10\/ISC-2024.-Delegacion-AEIM-300x271.jpg 300w, https:\/\/www.aeim.org\/wp-content\/uploads\/2024\/10\/ISC-2024.-Delegacion-AEIM-320x289.jpg 320w, https:\/\/www.aeim.org\/wp-content\/uploads\/2024\/10\/ISC-2024.-Delegacion-AEIM-400x361.jpg 400w, https:\/\/www.aeim.org\/wp-content\/uploads\/2024\/10\/ISC-2024.-Delegacion-AEIM-460x416.jpg 460w, https:\/\/www.aeim.org\/wp-content\/uploads\/2024\/10\/ISC-2024.-Delegacion-AEIM-500x452.jpg 500w, https:\/\/www.aeim.org\/wp-content\/uploads\/2024\/10\/ISC-2024.-Delegacion-AEIM-540x488.jpg 540w, https:\/\/www.aeim.org\/wp-content\/uploads\/2024\/10\/ISC-2024.-Delegacion-AEIM-600x542.jpg 600w, https:\/\/www.aeim.org\/wp-content\/uploads\/2024\/10\/ISC-2024.-Delegacion-AEIM-669x604.jpg 669w, https:\/\/www.aeim.org\/wp-content\/uploads\/2024\/10\/ISC-2024.-Delegacion-AEIM-700x632.jpg 700w, https:\/\/www.aeim.org\/wp-content\/uploads\/2024\/10\/ISC-2024.-Delegacion-AEIM-768x694.jpg 768w, https:\/\/www.aeim.org\/wp-content\/uploads\/2024\/10\/ISC-2024.-Delegacion-AEIM-800x723.jpg 800w, https:\/\/www.aeim.org\/wp-content\/uploads\/2024\/10\/ISC-2024.-Delegacion-AEIM-940x849.jpg 940w, https:\/\/www.aeim.org\/wp-content\/uploads\/2024\/10\/ISC-2024.-Delegacion-AEIM-1024x925.jpg 1024w, https:\/\/www.aeim.org\/wp-content\/uploads\/2024\/10\/ISC-2024.-Delegacion-AEIM.jpg 1078w\" data-sizes=\"auto\" data-orig-sizes=\"(max-width: 800px) 100vw, 800px\" \/><p id=\"caption-attachment-13892\" class=\"wp-caption-text\">Delegacion de AEIM en la ISC 2024.<\/p><\/div>\n<p>Asismismo, esta reuni\u00f3n internacional,\u00a0 brindar\u00e1 la oportunidad de <strong>analizar en profundidad las tendencias del mercado de la madera<\/strong>, con especial atenci\u00f3n a los <strong>datos de producci\u00f3n y consumo de madera de con\u00edferas<\/strong> en los pa\u00edses m\u00e1s relevantes del mundo, no solo en Europa.<\/p>\n<p>Ser\u00e1 un <strong>programa diverso y enriquecedor<\/strong>, con la participaci\u00f3n de <strong>destacados ponentes procedentes de la industria de la madera, la econom\u00eda, la consultor\u00eda, la universidad y la arquitectura<\/strong>, que aportar\u00e1n una <strong>visi\u00f3n experta y pr\u00e1ctica del sector y del mercado<\/strong>. En un contexto de <strong>incertidumbre y r\u00e1pidos cambios globales<\/strong>, la conferencia ofrecer\u00e1 una <strong>oportunidad \u00fanica para compartir experiencias, ampliar la red de contactos y obtener nuevas perspectivas<\/strong>.<\/p>\n<p><img decoding=\"async\" class=\"lazyload alignnone size-fusion-1200 wp-image-14018\" src=\"https:\/\/www.aeim.org\/wp-content\/uploads\/2024\/11\/Pie-mail-nuevo_2-.-GRANDE-1200x632.png\" data-orig-src=\"https:\/\/www.aeim.org\/wp-content\/uploads\/2024\/11\/Pie-mail-nuevo_2-.-GRANDE-1200x632.png\" alt=\"\" width=\"1200\" height=\"632\" srcset=\"data:image\/svg+xml,%3Csvg%20xmlns%3D%27http%3A%2F%2Fwww.w3.org%2F2000%2Fsvg%27%20width%3D%271200%27%20height%3D%27632%27%20viewBox%3D%270%200%201200%20632%27%3E%3Crect%20width%3D%271200%27%20height%3D%27632%27%20fill-opacity%3D%220%22%2F%3E%3C%2Fsvg%3E\" data-srcset=\"https:\/\/www.aeim.org\/wp-content\/uploads\/2024\/11\/Pie-mail-nuevo_2-.-GRANDE-66x35.png 66w, https:\/\/www.aeim.org\/wp-content\/uploads\/2024\/11\/Pie-mail-nuevo_2-.-GRANDE-150x79.png 150w, https:\/\/www.aeim.org\/wp-content\/uploads\/2024\/11\/Pie-mail-nuevo_2-.-GRANDE-177x93.png 177w, https:\/\/www.aeim.org\/wp-content\/uploads\/2024\/11\/Pie-mail-nuevo_2-.-GRANDE-200x105.png 200w, https:\/\/www.aeim.org\/wp-content\/uploads\/2024\/11\/Pie-mail-nuevo_2-.-GRANDE-300x158.png 300w, https:\/\/www.aeim.org\/wp-content\/uploads\/2024\/11\/Pie-mail-nuevo_2-.-GRANDE-320x168.png 320w, https:\/\/www.aeim.org\/wp-content\/uploads\/2024\/11\/Pie-mail-nuevo_2-.-GRANDE-400x211.png 400w, https:\/\/www.aeim.org\/wp-content\/uploads\/2024\/11\/Pie-mail-nuevo_2-.-GRANDE-460x242.png 460w, https:\/\/www.aeim.org\/wp-content\/uploads\/2024\/11\/Pie-mail-nuevo_2-.-GRANDE-500x263.png 500w, https:\/\/www.aeim.org\/wp-content\/uploads\/2024\/11\/Pie-mail-nuevo_2-.-GRANDE-540x284.png 540w, https:\/\/www.aeim.org\/wp-content\/uploads\/2024\/11\/Pie-mail-nuevo_2-.-GRANDE-600x316.png 600w, https:\/\/www.aeim.org\/wp-content\/uploads\/2024\/11\/Pie-mail-nuevo_2-.-GRANDE-669x352.png 669w, https:\/\/www.aeim.org\/wp-content\/uploads\/2024\/11\/Pie-mail-nuevo_2-.-GRANDE-700x369.png 700w, https:\/\/www.aeim.org\/wp-content\/uploads\/2024\/11\/Pie-mail-nuevo_2-.-GRANDE-768x404.png 768w, https:\/\/www.aeim.org\/wp-content\/uploads\/2024\/11\/Pie-mail-nuevo_2-.-GRANDE-800x421.png 800w, https:\/\/www.aeim.org\/wp-content\/uploads\/2024\/11\/Pie-mail-nuevo_2-.-GRANDE-940x495.png 940w, https:\/\/www.aeim.org\/wp-content\/uploads\/2024\/11\/Pie-mail-nuevo_2-.-GRANDE-1024x539.png 1024w, https:\/\/www.aeim.org\/wp-content\/uploads\/2024\/11\/Pie-mail-nuevo_2-.-GRANDE-1200x632.png 1200w, https:\/\/www.aeim.org\/wp-content\/uploads\/2024\/11\/Pie-mail-nuevo_2-.-GRANDE-1536x809.png 1536w, https:\/\/www.aeim.org\/wp-content\/uploads\/2024\/11\/Pie-mail-nuevo_2-.-GRANDE.png 1755w\" data-sizes=\"auto\" data-orig-sizes=\"(max-width: 1200px) 100vw, 1200px\" \/><\/p>\n<h4><\/h4>\n<p>&nbsp;<\/p>\n<p>&nbsp;<\/p>\n","protected":false},"excerpt":{"rendered":"<p>Se celebrar\u00e1 en Oslo los d\u00edas 22 y 23 de  [&#8230;]<\/p>\n","protected":false},"author":3,"featured_media":13905,"comment_status":"closed","ping_status":"closed","sticky":false,"template":"","format":"standard","meta":{"footnotes":""},"categories":[3],"tags":[327],"class_list":["post-15014","post","type-post","status-publish","format-standard","has-post-thumbnail","hentry","category-noticias","tag-isc-2025-aeim-conferencia-de-coniferas"],"_links":{"self":[{"href":"https:\/\/www.aeim.org\/index.php\/wp-json\/wp\/v2\/posts\/15014","targetHints":{"allow":["GET"]}}],"collection":[{"href":"https:\/\/www.aeim.org\/index.php\/wp-json\/wp\/v2\/posts"}],"about":[{"href":"https:\/\/www.aeim.org\/index.php\/wp-json\/wp\/v2\/types\/post"}],"author":[{"embeddable":true,"href":"https:\/\/www.aeim.org\/index.php\/wp-json\/wp\/v2\/users\/3"}],"replies":[{"embeddable":true,"href":"https:\/\/www.aeim.org\/index.php\/wp-json\/wp\/v2\/comments?post=15014"}],"version-history":[{"count":6,"href":"https:\/\/www.aeim.org\/index.php\/wp-json\/wp\/v2\/posts\/15014\/revisions"}],"predecessor-version":[{"id":15020,"href":"https:\/\/www.aeim.org\/index.php\/wp-json\/wp\/v2\/posts\/15014\/revisions\/15020"}],"wp:featuredmedia":[{"embeddable":true,"href":"https:\/\/www.aeim.org\/index.php\/wp-json\/wp\/v2\/media\/13905"}],"wp:attachment":[{"href":"https:\/\/www.aeim.org\/index.php\/wp-json\/wp\/v2\/media?parent=15014"}],"wp:term":[{"taxonomy":"category","embeddable":true,"href":"https:\/\/www.aeim.org\/index.php\/wp-json\/wp\/v2\/categories?post=15014"},{"taxonomy":"post_tag","embeddable":true,"href":"https:\/\/www.aeim.org\/index.php\/wp-json\/wp\/v2\/tags?post=15014"}],"curies":[{"name":"wp","href":"https:\/\/api.w.org\/{rel}","templated":true}]}}