{"id":13918,"date":"2024-10-22T08:43:54","date_gmt":"2024-10-22T08:43:54","guid":{"rendered":"https:\/\/www.aeim.org\/?p=13918"},"modified":"2024-10-23T14:27:39","modified_gmt":"2024-10-23T14:27:39","slug":"international-softwood-conference-2024-comentarios-del-presidente","status":"publish","type":"post","link":"https:\/\/www.aeim.org\/index.php\/2024\/10\/22\/international-softwood-conference-2024-comentarios-del-presidente\/","title":{"rendered":"International Softwood Conference 2024. Comentarios del presidente de la delegaci\u00f3n de AEIM, Ram\u00f3n Gabarr\u00f3 Taul\u00e9."},"content":{"rendered":"<p>La 72\u00aa Conferencia Internacional de Con\u00edferas organizada por la ETTF y la EOS se celebro en Taormina, del 16 al 18 de octubre, con 280 participantes de 22 pa\u00edses.<\/p>\n<p><strong>La delegaci\u00f3n espa\u00f1ola fue la m\u00e1s numerosa de los \u00faltimos a\u00f1os<\/strong> con Carlos Fernandez de Maderas del noroeste, Ana Armenteros y Ana Lara de Maderas Retafer, Gerard Obiols de Maderas Llop Obiols, Alberto Romero como Secretario General de AEIM y Ramon Gabarr\u00f3 de Gabarr\u00f3 Hermanos S.A.<\/p>\n<p><img decoding=\"async\" class=\"lazyload alignnone size-large wp-image-13897\" src=\"https:\/\/www.aeim.org\/wp-content\/uploads\/2024\/10\/ISC-2024.-Delegacion-AEIM.-Un-poco-mas-estrecha-1024x745.jpg\" data-orig-src=\"https:\/\/www.aeim.org\/wp-content\/uploads\/2024\/10\/ISC-2024.-Delegacion-AEIM.-Un-poco-mas-estrecha-1024x745.jpg\" alt=\"\" width=\"1024\" height=\"745\" srcset=\"data:image\/svg+xml,%3Csvg%20xmlns%3D%27http%3A%2F%2Fwww.w3.org%2F2000%2Fsvg%27%20width%3D%271024%27%20height%3D%27745%27%20viewBox%3D%270%200%201024%20745%27%3E%3Crect%20width%3D%271024%27%20height%3D%27745%27%20fill-opacity%3D%220%22%2F%3E%3C%2Fsvg%3E\" data-srcset=\"https:\/\/www.aeim.org\/wp-content\/uploads\/2024\/10\/ISC-2024.-Delegacion-AEIM.-Un-poco-mas-estrecha-66x48.jpg 66w, https:\/\/www.aeim.org\/wp-content\/uploads\/2024\/10\/ISC-2024.-Delegacion-AEIM.-Un-poco-mas-estrecha-150x109.jpg 150w, https:\/\/www.aeim.org\/wp-content\/uploads\/2024\/10\/ISC-2024.-Delegacion-AEIM.-Un-poco-mas-estrecha-177x129.jpg 177w, https:\/\/www.aeim.org\/wp-content\/uploads\/2024\/10\/ISC-2024.-Delegacion-AEIM.-Un-poco-mas-estrecha-200x145.jpg 200w, https:\/\/www.aeim.org\/wp-content\/uploads\/2024\/10\/ISC-2024.-Delegacion-AEIM.-Un-poco-mas-estrecha-300x218.jpg 300w, https:\/\/www.aeim.org\/wp-content\/uploads\/2024\/10\/ISC-2024.-Delegacion-AEIM.-Un-poco-mas-estrecha-320x233.jpg 320w, https:\/\/www.aeim.org\/wp-content\/uploads\/2024\/10\/ISC-2024.-Delegacion-AEIM.-Un-poco-mas-estrecha-400x291.jpg 400w, https:\/\/www.aeim.org\/wp-content\/uploads\/2024\/10\/ISC-2024.-Delegacion-AEIM.-Un-poco-mas-estrecha-460x335.jpg 460w, https:\/\/www.aeim.org\/wp-content\/uploads\/2024\/10\/ISC-2024.-Delegacion-AEIM.-Un-poco-mas-estrecha-500x364.jpg 500w, https:\/\/www.aeim.org\/wp-content\/uploads\/2024\/10\/ISC-2024.-Delegacion-AEIM.-Un-poco-mas-estrecha-540x393.jpg 540w, https:\/\/www.aeim.org\/wp-content\/uploads\/2024\/10\/ISC-2024.-Delegacion-AEIM.-Un-poco-mas-estrecha-600x436.jpg 600w, https:\/\/www.aeim.org\/wp-content\/uploads\/2024\/10\/ISC-2024.-Delegacion-AEIM.-Un-poco-mas-estrecha-669x487.jpg 669w, https:\/\/www.aeim.org\/wp-content\/uploads\/2024\/10\/ISC-2024.-Delegacion-AEIM.-Un-poco-mas-estrecha-700x509.jpg 700w, https:\/\/www.aeim.org\/wp-content\/uploads\/2024\/10\/ISC-2024.-Delegacion-AEIM.-Un-poco-mas-estrecha-768x559.jpg 768w, https:\/\/www.aeim.org\/wp-content\/uploads\/2024\/10\/ISC-2024.-Delegacion-AEIM.-Un-poco-mas-estrecha-800x582.jpg 800w, https:\/\/www.aeim.org\/wp-content\/uploads\/2024\/10\/ISC-2024.-Delegacion-AEIM.-Un-poco-mas-estrecha-940x684.jpg 940w, https:\/\/www.aeim.org\/wp-content\/uploads\/2024\/10\/ISC-2024.-Delegacion-AEIM.-Un-poco-mas-estrecha-1024x745.jpg 1024w, https:\/\/www.aeim.org\/wp-content\/uploads\/2024\/10\/ISC-2024.-Delegacion-AEIM.-Un-poco-mas-estrecha.jpg 1078w\" data-sizes=\"auto\" data-orig-sizes=\"(max-width: 1024px) 100vw, 1024px\" \/><\/p>\n<p>La conferencia se estructur\u00f3 en un primer d\u00eda de presentaciones en cuatro bloques y la ma\u00f1ana del viernes hubo tres paneles sobre el bosque en el cambio global, los intercambios comerciales en el mundo de la construcci\u00f3n y la actualizaci\u00f3n de la EUDR.<\/p>\n<p>En primer lugar y a pesar del <strong>desajuste entre la demanda y la oferta<\/strong> en muchos pa\u00edses, destacar que <strong>el consumo de madera de con\u00edferas en 2024 esta siendo superior en un 1,5%<\/strong>, 2.000.000 m3, a las previsiones lanzadas en la conferencia del a\u00f1o pasado en Viena, pero con una ligera ca\u00edda respecto al 2023.<\/p>\n<p>La principal causa es la ligera <strong>disminuci\u00f3n de la construcci\u00f3n en la mayor\u00eda de los pa\u00edses<\/strong> por los elevados tipos de intereses y la inflaci\u00f3n que reducen el poder adquisitivo. Para 2025 se espera un incremento de la demanda por la mejora de las variables antes mencionadas.<\/p>\n<p>Por parte de los pa\u00edses productores, <strong>la causa de la ca\u00edda de producci\u00f3n se debe al incremento del precio del tronco<\/strong>, salarios y energ\u00eda, costes que dif\u00edcilmente los aserraderos pueden repercutir en el precio de venta por la d\u00e9bil demanda de los compradores (incluyendo China y Norteam\u00e9rica).<\/p>\n<p>Muchos aserraderos peque\u00f1os han cerrado y el resto s\u00f3lo podr\u00e1 continuar si pueden repercutir durante el pr\u00f3ximo a\u00f1o el aumento del coste del tronco.<\/p>\n<div id=\"attachment_13925\" style=\"width: 1034px\" class=\"wp-caption alignnone\"><img decoding=\"async\" aria-describedby=\"caption-attachment-13925\" class=\"lazyload size-large wp-image-13925\" src=\"https:\/\/www.aeim.org\/wp-content\/uploads\/2024\/10\/Vista-general-desde-atras.-Intermedia-1024x560.jpg\" data-orig-src=\"https:\/\/www.aeim.org\/wp-content\/uploads\/2024\/10\/Vista-general-desde-atras.-Intermedia-1024x560.jpg\" alt=\"\" width=\"1024\" height=\"560\" srcset=\"data:image\/svg+xml,%3Csvg%20xmlns%3D%27http%3A%2F%2Fwww.w3.org%2F2000%2Fsvg%27%20width%3D%271024%27%20height%3D%27560%27%20viewBox%3D%270%200%201024%20560%27%3E%3Crect%20width%3D%271024%27%20height%3D%27560%27%20fill-opacity%3D%220%22%2F%3E%3C%2Fsvg%3E\" data-srcset=\"https:\/\/www.aeim.org\/wp-content\/uploads\/2024\/10\/Vista-general-desde-atras.-Intermedia-66x36.jpg 66w, https:\/\/www.aeim.org\/wp-content\/uploads\/2024\/10\/Vista-general-desde-atras.-Intermedia-150x82.jpg 150w, https:\/\/www.aeim.org\/wp-content\/uploads\/2024\/10\/Vista-general-desde-atras.-Intermedia-177x97.jpg 177w, https:\/\/www.aeim.org\/wp-content\/uploads\/2024\/10\/Vista-general-desde-atras.-Intermedia-200x109.jpg 200w, https:\/\/www.aeim.org\/wp-content\/uploads\/2024\/10\/Vista-general-desde-atras.-Intermedia-300x164.jpg 300w, https:\/\/www.aeim.org\/wp-content\/uploads\/2024\/10\/Vista-general-desde-atras.-Intermedia-320x175.jpg 320w, https:\/\/www.aeim.org\/wp-content\/uploads\/2024\/10\/Vista-general-desde-atras.-Intermedia-400x219.jpg 400w, https:\/\/www.aeim.org\/wp-content\/uploads\/2024\/10\/Vista-general-desde-atras.-Intermedia-460x252.jpg 460w, https:\/\/www.aeim.org\/wp-content\/uploads\/2024\/10\/Vista-general-desde-atras.-Intermedia-500x273.jpg 500w, https:\/\/www.aeim.org\/wp-content\/uploads\/2024\/10\/Vista-general-desde-atras.-Intermedia-540x295.jpg 540w, https:\/\/www.aeim.org\/wp-content\/uploads\/2024\/10\/Vista-general-desde-atras.-Intermedia-600x328.jpg 600w, https:\/\/www.aeim.org\/wp-content\/uploads\/2024\/10\/Vista-general-desde-atras.-Intermedia-669x366.jpg 669w, https:\/\/www.aeim.org\/wp-content\/uploads\/2024\/10\/Vista-general-desde-atras.-Intermedia-700x383.jpg 700w, https:\/\/www.aeim.org\/wp-content\/uploads\/2024\/10\/Vista-general-desde-atras.-Intermedia-768x420.jpg 768w, https:\/\/www.aeim.org\/wp-content\/uploads\/2024\/10\/Vista-general-desde-atras.-Intermedia-800x438.jpg 800w, https:\/\/www.aeim.org\/wp-content\/uploads\/2024\/10\/Vista-general-desde-atras.-Intermedia-940x514.jpg 940w, https:\/\/www.aeim.org\/wp-content\/uploads\/2024\/10\/Vista-general-desde-atras.-Intermedia-1024x560.jpg 1024w, https:\/\/www.aeim.org\/wp-content\/uploads\/2024\/10\/Vista-general-desde-atras.-Intermedia-1200x656.jpg 1200w, https:\/\/www.aeim.org\/wp-content\/uploads\/2024\/10\/Vista-general-desde-atras.-Intermedia.jpg 1280w\" data-sizes=\"auto\" data-orig-sizes=\"(max-width: 1024px) 100vw, 1024px\" \/><p id=\"caption-attachment-13925\" class=\"wp-caption-text\">ISC 2024. Vista parcial.<\/p><\/div>\n<p><strong>A largo plazo indican que faltara madera<\/strong> por los desastres naturales como el escarabajo del abeto o huracanes, adem\u00e1s de la falta de tronco ruso.<\/p>\n<p><strong>En Canad\u00e1 y Estados Unido<\/strong>s la producci\u00f3n disminuy\u00f3 por distintos motivos entre los cuales destacan la protecci\u00f3n de los bosques y los incendios forestales. Sin embargo,<strong> crece la producci\u00f3n de pino amarillo<\/strong> al contrario que otras especies de con\u00edferas como SPF y las maderas de la costa oeste. El d\u00e9ficit de madera se compensa con importaciones principalmente de la Uni\u00f3n Europea.<\/p>\n<p>El consumo de <strong>China<\/strong> disminuye por la crisis del sector inmobiliario. Se prev\u00e9 una recuperaci\u00f3n a corto plazo. La principal conclusi\u00f3n es que <strong>se espera un ligero incremento del consumo de madera en 2025.<\/strong><\/p>\n<p>En cuanto al<strong> EUDR<\/strong>, hay queja por parte de los participantes. En el panel coincidieron en lo positivo del esp\u00edritu de la normativa para reducir la deforestaci\u00f3n en otros pa\u00edses. Sin embargo, <strong>lamentaban la carga burocr\u00e1tica que tendr\u00e1n que asumir<\/strong> los propietarios forestales y aserraderos. Se a\u00f1ade a muchas otras cargas para con la administraci\u00f3n. Los propietarios piden que se aplique tambi\u00e9n a productos elaborados con madera. En este sentido, el sector forestal se siente perseguido. Adem\u00e1s de la falta de informaci\u00f3n, asesoramiento y concreci\u00f3n por la UE.<\/p>\n<p>En este sentido celebran el aplazamiento de la implantaci\u00f3n de la EUDR que debe permitir que tanto administraci\u00f3n como empresas est\u00e9n a punto.<\/p>\n<p>Se anunci\u00f3 que la pr\u00f3xima conferencia internacional de maderas resinosas se celebrar\u00e1 en Oslo (Noruega) del 22 al 24 de octubre del 2025.<\/p>\n<p><img decoding=\"async\" class=\"lazyload alignnone size-full wp-image-12963\" src=\"https:\/\/www.aeim.org\/wp-content\/uploads\/2024\/06\/Firma-web-secretaria.jpg\" data-orig-src=\"https:\/\/www.aeim.org\/wp-content\/uploads\/2024\/06\/Firma-web-secretaria.jpg\" alt=\"\" width=\"700\" height=\"267\" srcset=\"data:image\/svg+xml,%3Csvg%20xmlns%3D%27http%3A%2F%2Fwww.w3.org%2F2000%2Fsvg%27%20width%3D%27700%27%20height%3D%27267%27%20viewBox%3D%270%200%20700%20267%27%3E%3Crect%20width%3D%27700%27%20height%3D%27267%27%20fill-opacity%3D%220%22%2F%3E%3C%2Fsvg%3E\" data-srcset=\"https:\/\/www.aeim.org\/wp-content\/uploads\/2024\/06\/Firma-web-secretaria-200x76.jpg 200w, https:\/\/www.aeim.org\/wp-content\/uploads\/2024\/06\/Firma-web-secretaria-300x114.jpg 300w, https:\/\/www.aeim.org\/wp-content\/uploads\/2024\/06\/Firma-web-secretaria-400x153.jpg 400w, https:\/\/www.aeim.org\/wp-content\/uploads\/2024\/06\/Firma-web-secretaria-500x191.jpg 500w, https:\/\/www.aeim.org\/wp-content\/uploads\/2024\/06\/Firma-web-secretaria-600x229.jpg 600w, https:\/\/www.aeim.org\/wp-content\/uploads\/2024\/06\/Firma-web-secretaria.jpg 700w\" data-sizes=\"auto\" data-orig-sizes=\"(max-width: 700px) 100vw, 700px\" \/><\/p>\n","protected":false},"excerpt":{"rendered":"<p>La 72\u00aa Conferencia Internacional de Con\u00edferas organizada por la ETTF  [&#8230;]<\/p>\n","protected":false},"author":3,"featured_media":13919,"comment_status":"open","ping_status":"closed","sticky":false,"template":"","format":"standard","meta":{"footnotes":""},"categories":[3,1],"tags":[302,262,235,41],"class_list":["post-13918","post","type-post","status-publish","format-standard","has-post-thumbnail","hentry","category-noticias","category-sin-categoria","tag-aeim-softwoods","tag-coniferas","tag-isc","tag-madera"],"_links":{"self":[{"href":"https:\/\/www.aeim.org\/index.php\/wp-json\/wp\/v2\/posts\/13918","targetHints":{"allow":["GET"]}}],"collection":[{"href":"https:\/\/www.aeim.org\/index.php\/wp-json\/wp\/v2\/posts"}],"about":[{"href":"https:\/\/www.aeim.org\/index.php\/wp-json\/wp\/v2\/types\/post"}],"author":[{"embeddable":true,"href":"https:\/\/www.aeim.org\/index.php\/wp-json\/wp\/v2\/users\/3"}],"replies":[{"embeddable":true,"href":"https:\/\/www.aeim.org\/index.php\/wp-json\/wp\/v2\/comments?post=13918"}],"version-history":[{"count":8,"href":"https:\/\/www.aeim.org\/index.php\/wp-json\/wp\/v2\/posts\/13918\/revisions"}],"predecessor-version":[{"id":13996,"href":"https:\/\/www.aeim.org\/index.php\/wp-json\/wp\/v2\/posts\/13918\/revisions\/13996"}],"wp:featuredmedia":[{"embeddable":true,"href":"https:\/\/www.aeim.org\/index.php\/wp-json\/wp\/v2\/media\/13919"}],"wp:attachment":[{"href":"https:\/\/www.aeim.org\/index.php\/wp-json\/wp\/v2\/media?parent=13918"}],"wp:term":[{"taxonomy":"category","embeddable":true,"href":"https:\/\/www.aeim.org\/index.php\/wp-json\/wp\/v2\/categories?post=13918"},{"taxonomy":"post_tag","embeddable":true,"href":"https:\/\/www.aeim.org\/index.php\/wp-json\/wp\/v2\/tags?post=13918"}],"curies":[{"name":"wp","href":"https:\/\/api.w.org\/{rel}","templated":true}]}}